{"id":5624,"date":"2024-05-12T10:10:33","date_gmt":"2024-05-12T07:10:33","guid":{"rendered":"https:\/\/talay.com\/sarp-intermodal-10-yilinda-talay-logisticse-donustu\/"},"modified":"2024-05-12T10:10:33","modified_gmt":"2024-05-12T07:10:33","slug":"sarp-intermodal-10-yilinda-talay-logisticse-donustu","status":"publish","type":"post","link":"https:\/\/talay.com\/en\/sarp-intermodal-10-yilinda-talay-logisticse-donustu\/","title":{"rendered":"Sarp Intermodal 10. Y\u0131l\u0131nda Talay Logistics&#8217;e D\u00f6n\u00fc\u015ft\u00fc"},"content":{"rendered":"\t\t<div data-elementor-type=\"wp-post\" data-elementor-id=\"5624\" class=\"elementor elementor-5624 elementor-579\" data-elementor-post-type=\"post\">\n\t\t\t\t<div class=\"elementor-element elementor-element-d2c1777 e-flex e-con-boxed e-con e-parent\" data-id=\"d2c1777\" data-element_type=\"container\">\n\t\t\t\t\t<div class=\"e-con-inner\">\n\t\t\t\t<div class=\"elementor-element elementor-element-074256e lqd-text-tag-p elementor-widget elementor-widget-lqd-text\" data-id=\"074256e\" data-element_type=\"widget\" data-widget_type=\"lqd-text.default\">\n\t\t\t\t<div class=\"elementor-widget-container\">\n\t\t\t\t\t<p class=\"lqd-text-el m-0 p-0\"><span class=\"lqd-text-item relative elementor-repeater-item-0f4f972\">Sarp Intermodal 10. y\u0131l d\u00f6n\u00fcm\u00fcnde b\u00fcy\u00fck bir d\u00f6n\u00fc\u015f\u00fcme imza atarak, faaliyetlerini Talay Logistics ad\u0131 alt\u0131nda birle\u015ftirdi. \u0130sim de\u011fi\u015fikli\u011fi ve kurumsal d\u00f6n\u00fc\u015f\u00fcm\u00fc Esma Sultan Yal\u0131s\u0131\u2019nda d\u00fczenlenen \u00f6zel etkinlikle duyuran \u015firket, art\u0131k intermodal d\u0131\u015f\u0131nda lojisti\u011fin her alan\u0131nda entegre hizmet veren bir yap\u0131 olarak faaliyet g\u00f6sterecek. Talay Logistics CEO\u2019su Onur Talay, yenilenmi\u015f markalar\u0131yla daha b\u00fcy\u00fck hedeflere ilerleyeceklerini s\u00f6yledi.<\/span><\/p>\t\t\t\t<\/div>\n\t\t\t\t<\/div>\n\t\t\t\t<div class=\"elementor-element elementor-element-bb1ecad lqd-text-tag-p elementor-widget elementor-widget-lqd-text\" data-id=\"bb1ecad\" data-element_type=\"widget\" data-widget_type=\"lqd-text.default\">\n\t\t\t\t<div class=\"elementor-widget-container\">\n\t\t\t\t\t<p class=\"lqd-text-el m-0 p-0\"><span class=\"lqd-text-item relative elementor-repeater-item-0f4f972\">T\u00fcrkiye\u2019nin intermodal odakl\u0131 kurulan ilk \u015firketi Sarp Intermodal, 10. y\u0131l d\u00f6n\u00fcm\u00fcnde Talay Logistics\u2019e d\u00f6n\u00fc\u015ft\u00fc. Ba\u015fta Avrupa olmak \u00fczere d\u00fcnyan\u0131n bir\u00e7ok noktas\u0131na ger\u00e7ekle\u015ftirdi\u011fi intermodal ta\u015f\u0131malarla ve b\u00fcy\u00fcme ve ihracat rakamlar\u0131yla ad\u0131ndan s\u00f6z ettiren \u015firket, art\u0131k faaliyetlerini Talay Logistics ad\u0131 alt\u0131nda s\u00fcrd\u00fcrecek. <\/span><\/p>\t\t\t\t<\/div>\n\t\t\t\t<\/div>\n\t\t\t\t<div class=\"elementor-element elementor-element-d07e541 lqd-text-tag-p elementor-widget elementor-widget-lqd-text\" data-id=\"d07e541\" data-element_type=\"widget\" data-widget_type=\"lqd-text.default\">\n\t\t\t\t<div class=\"elementor-widget-container\">\n\t\t\t\t\t<p class=\"lqd-text-el m-0 p-0\"><span class=\"lqd-text-item relative elementor-repeater-item-0f4f972\">D\u00f6n\u00fc\u015f\u00fcm s\u00fcrecini tamamlayan Talay Logistics, marka de\u011fi\u015fikli\u011fini Esma Sultan Yal\u0131s\u0131\u2019nda ger\u00e7ekle\u015ftirilen \u00f6zel etkinlikte t\u00fcm payda\u015flar\u0131yla bir araya gelerek kutlad\u0131. <\/span><\/p>\t\t\t\t<\/div>\n\t\t\t\t<\/div>\n\t\t\t\t<div class=\"elementor-element elementor-element-d02788f lqd-text-tag-p elementor-widget elementor-widget-lqd-text\" data-id=\"d02788f\" data-element_type=\"widget\" data-widget_type=\"lqd-text.default\">\n\t\t\t\t<div class=\"elementor-widget-container\">\n\t\t\t\t\t<p class=\"lqd-text-el m-0 p-0\"><span class=\"lqd-text-item relative elementor-repeater-item-0f4f972\">Yosi Mizrahi\u2019nin sunuculu\u011funu yapt\u0131\u011f\u0131 gecede, Profesyonel Rehber Saffet Emre Tongu\u00e7 \u2018\u0130stanbul\u2019 temal\u0131 bir anlat\u0131m ger\u00e7ekle\u015ftirdi. Kenan Do\u011fulu\u2019nun sahne ald\u0131\u011f\u0131 etkinli\u011fe i\u015f, sanat ve spor d\u00fcnyas\u0131ndan \u00e7ok say\u0131da \u00fcnl\u00fc de kat\u0131ld\u0131. Davetliler, etkinlikte Kenan Do\u011fulu\u2019nun dillerden d\u00fc\u015fmeyen \u015fark\u0131lar\u0131yla e\u011flendi. <\/span><\/p>\t\t\t\t<\/div>\n\t\t\t\t<\/div>\n\t\t\t\t<div class=\"elementor-element elementor-element-d3fbd60 lqd-text-tag-h4 elementor-widget elementor-widget-lqd-text\" data-id=\"d3fbd60\" data-element_type=\"widget\" data-widget_type=\"lqd-text.default\">\n\t\t\t\t<div class=\"elementor-widget-container\">\n\t\t\t\t\t<h4 class=\"lqd-text-el m-0 p-0\"><span class=\"lqd-text-item relative elementor-repeater-item-15e90ad\">\u201cU\u00e7tan Uca Hizmet Veren Bir \u015eirkete D\u00f6n\u00fc\u015ft\u00fck\u201d<\/span><\/h4>\t\t\t\t<\/div>\n\t\t\t\t<\/div>\n\t\t\t\t<div class=\"elementor-element elementor-element-f977af2 lqd-text-tag-p elementor-widget elementor-widget-lqd-text\" data-id=\"f977af2\" data-element_type=\"widget\" data-widget_type=\"lqd-text.default\">\n\t\t\t\t<div class=\"elementor-widget-container\">\n\t\t\t\t\t<p class=\"lqd-text-el m-0 p-0\"><span class=\"lqd-text-item relative elementor-repeater-item-0f4f972\">Etkinlikte davetlilere hitap eden Talay Logistics CEO\u2019su Onur Talay, \u201cBiz 10 y\u0131l \u00f6nce T\u00fcrkiye\u2019de bir ilki ger\u00e7ekle\u015ftirerek oda\u011f\u0131na intermodal ta\u015f\u0131mac\u0131l\u0131\u011f\u0131 alan ve bu ta\u015f\u0131ma modunu ger\u00e7ekle\u015ftirmek \u00fczere kurulan ilk \u015firketiz. Sarp Intermodal olarak att\u0131\u011f\u0131m\u0131z ad\u0131mlarla, yapt\u0131\u011f\u0131m\u0131z yat\u0131r\u0131mlarla art\u0131k intermodal ta\u015f\u0131malar\u0131n d\u0131\u015f\u0131nda deniz yolu, hava yolu, kara yolu, kontrat lojisti\u011fi, g\u00fcmr\u00fck hizmetleri gibi alanlarda da kendini fazlas\u0131yla ispat etmi\u015f, u\u00e7tan uca hizmet veren bir lojistik \u015firketi olduk.\u201d diye konu\u015ftu.<\/span><\/p>\t\t\t\t<\/div>\n\t\t\t\t<\/div>\n\t\t\t\t<div class=\"elementor-element elementor-element-2869f68 lqd-text-tag-p elementor-widget elementor-widget-lqd-text\" data-id=\"2869f68\" data-element_type=\"widget\" data-widget_type=\"lqd-text.default\">\n\t\t\t\t<div class=\"elementor-widget-container\">\n\t\t\t\t\t<p class=\"lqd-text-el m-0 p-0\"><span class=\"lqd-text-item relative elementor-repeater-item-0f4f972\">Talay, d\u00f6n\u00fc\u015f\u00fcmle birlikte lojistik alan\u0131nda faaliyet g\u00f6steren t\u00fcm \u015firketlerinin tek \u00e7at\u0131 alt\u0131nda topland\u0131\u011f\u0131na dikkati \u00e7eken Talay, \u201cDe\u011fi\u015fimi ve geli\u015fimi her zaman merkezinde tutan bir \u015firket olarak bug\u00fcn itibar\u0131yla bir d\u00f6n\u00fc\u015f\u00fcm\u00fc de ger\u00e7ekle\u015ftiriyoruz. Yenilenmi\u015f markam\u0131zla birlikte, daha b\u00fcy\u00fck hedeflere do\u011fru ilerleyece\u011fiz.\u201d dedi.<\/span><\/p>\t\t\t\t<\/div>\n\t\t\t\t<\/div>\n\t\t\t\t<div class=\"elementor-element elementor-element-018f191 lqd-text-tag-p elementor-widget elementor-widget-lqd-text\" data-id=\"018f191\" data-element_type=\"widget\" data-widget_type=\"lqd-text.default\">\n\t\t\t\t<div class=\"elementor-widget-container\">\n\t\t\t\t\t<p class=\"lqd-text-el m-0 p-0\"><span class=\"lqd-text-item relative elementor-repeater-item-0f4f972\">M\u00fc\u015fterilerine sunduklar\u0131 hizmetleri daha da geli\u015ftirmek i\u00e7in \u00e7al\u0131\u015ft\u0131klar\u0131n\u0131 vurgulayan Talay, \u201cTeknolojiyi daha etkin bir \u015fekilde kullanmak ve i\u015fimizi her zamankinden daha s\u00fcrd\u00fcr\u00fclebilir bir \u015fekilde yapmak i\u00e7in daha fazla \u00e7aba harcayaca\u011f\u0131z.\u201d de\u011ferlendirmesinde bulundu.<\/span><\/p>\t\t\t\t<\/div>\n\t\t\t\t<\/div>\n\t\t\t\t\t<\/div>\n\t\t\t\t<\/div>\n\t\t<div class=\"elementor-element elementor-element-eb43b3e e-flex e-con-boxed e-con e-parent\" data-id=\"eb43b3e\" data-element_type=\"container\">\n\t\t\t\t\t<div class=\"e-con-inner\">\n\t\t\t\t<div class=\"elementor-element elementor-element-1967e62 elementor-widget elementor-widget-lqd-image\" data-id=\"1967e62\" data-element_type=\"widget\" data-widget_type=\"lqd-image.default\">\n\t\t\t\t<div class=\"elementor-widget-container\">\n\t\t\t\t\t\n\t\t<figure class=\"inline-block relative align-middle overflow-hidden lqd-transform-perspective transition-colors\" data-lqd-look-at-mouse data-lqd-hover3d-el>\n\n\t\t\t\n\t\t\t\t\n\t\t\t\t<img fetchpriority=\"high\" decoding=\"async\" width=\"5770\" height=\"3847\" src=\"https:\/\/talay.com\/wp-content\/uploads\/2024\/05\/KenanDogulu-TalayLogistics-01.jpg\" class=\"attachment-full size-full wp-image-3154\" alt=\"\" srcset=\"https:\/\/talay.com\/wp-content\/uploads\/2024\/05\/KenanDogulu-TalayLogistics-01.jpg 5770w, https:\/\/talay.com\/wp-content\/uploads\/2024\/05\/KenanDogulu-TalayLogistics-01-300x200.jpg 300w, https:\/\/talay.com\/wp-content\/uploads\/2024\/05\/KenanDogulu-TalayLogistics-01-1024x683.jpg 1024w\" sizes=\"(max-width: 5770px) 100vw, 5770px\" \/>\n\t\t\t\t\n\t\t\t\t\n\t\t\t\t\n\t\t\t\n\t\t\t\n\t\t<\/figure>\n\n\t\t\t\t\t\t<\/div>\n\t\t\t\t<\/div>\n\t\t\t\t<div class=\"elementor-element elementor-element-7cd7651 lqd-text-tag-p elementor-widget elementor-widget-lqd-text\" data-id=\"7cd7651\" data-element_type=\"widget\" data-widget_type=\"lqd-text.default\">\n\t\t\t\t<div class=\"elementor-widget-container\">\n\t\t\t\t\t<p class=\"lqd-text-el m-0 p-0\"><span class=\"lqd-text-item relative elementor-repeater-item-7227577\">Gecede Kenan Do\u011fulu sahne ald\u0131.<\/span><\/p>\t\t\t\t<\/div>\n\t\t\t\t<\/div>\n\t\t\t\t\t<\/div>\n\t\t\t\t<\/div>\n\t\t<div class=\"elementor-element elementor-element-9d212b3 e-flex e-con-boxed e-con e-parent\" data-id=\"9d212b3\" data-element_type=\"container\">\n\t\t\t\t\t<div class=\"e-con-inner\">\n\t\t\t\t<div class=\"elementor-element elementor-element-e780f40 lqd-text-tag-h4 elementor-widget elementor-widget-lqd-text\" data-id=\"e780f40\" data-element_type=\"widget\" data-widget_type=\"lqd-text.default\">\n\t\t\t\t<div class=\"elementor-widget-container\">\n\t\t\t\t\t<h4 class=\"lqd-text-el m-0 p-0\"><span class=\"lqd-text-item relative elementor-repeater-item-15e90ad\">\u201c10 y\u0131l sonunda yakla\u015f\u0131k bin ki\u015filik bir ekip olduk\u201d<\/span><\/h4>\t\t\t\t<\/div>\n\t\t\t\t<\/div>\n\t\t\t\t<div class=\"elementor-element elementor-element-0fdc8ae lqd-text-tag-p elementor-widget elementor-widget-lqd-text\" data-id=\"0fdc8ae\" data-element_type=\"widget\" data-widget_type=\"lqd-text.default\">\n\t\t\t\t<div class=\"elementor-widget-container\">\n\t\t\t\t\t<p class=\"lqd-text-el m-0 p-0\"><span class=\"lqd-text-item relative elementor-repeater-item-049caf6\">Talay, 10 y\u0131l \u00f6nce ba\u015flayan yolculuklar\u0131n\u0131n, bug\u00fcn yakla\u015f\u0131k bin ki\u015filik b\u00fcy\u00fck bir \u015firkete d\u00f6n\u00fc\u015ft\u00fc\u011f\u00fcn\u00fc dile getirdi. Ge\u00e7en 10 y\u0131l i\u00e7inde yapt\u0131klar\u0131 yat\u0131r\u0131mlarla binlerce ara\u00e7 ve ekipmana ula\u015ft\u0131klar\u0131na dikkati \u00e7eken Talay, ulusal ve uluslararas\u0131 binlerce markan\u0131n lojistik partneri olduklar\u0131n\u0131, on binlerce ithalat ve ihracat ta\u015f\u0131mas\u0131 ger\u00e7ekle\u015ftirdiklerini anlatt\u0131.<\/span><\/p>\t\t\t\t<\/div>\n\t\t\t\t<\/div>\n\t\t\t\t<div class=\"elementor-element elementor-element-e9187e0 lqd-text-tag-p elementor-widget elementor-widget-lqd-text\" data-id=\"e9187e0\" data-element_type=\"widget\" data-widget_type=\"lqd-text.default\">\n\t\t\t\t<div class=\"elementor-widget-container\">\n\t\t\t\t\t<p class=\"lqd-text-el m-0 p-0\"><span class=\"lqd-text-item relative elementor-repeater-item-049caf6\">Talay, T\u00fcrkiye\u2019nin ilk y\u00fczde 100 elektrikli \u00e7ekici yat\u0131r\u0131m\u0131n\u0131 yapt\u0131klar\u0131n\u0131, ye\u015fil lojistik uygulamalar\u0131na her zaman b\u00fcy\u00fck \u00f6nem verdiklerini, b\u00fcy\u00fcme ve ihracat rakamlar\u0131yla son 3 y\u0131ld\u0131r sekt\u00f6r\u00fcn \u00f6nc\u00fcleri aras\u0131nda yer ald\u0131klar\u0131n\u0131 da s\u00f6zlerine ekledi.<\/span><\/p>\t\t\t\t<\/div>\n\t\t\t\t<\/div>\n\t\t\t\t\t<\/div>\n\t\t\t\t<\/div>\n\t\t<div class=\"elementor-element elementor-element-bd9eaf7 e-flex e-con-boxed e-con e-parent\" data-id=\"bd9eaf7\" data-element_type=\"container\">\n\t\t\t\t\t<div class=\"e-con-inner\">\n\t\t\t\t<div class=\"elementor-element elementor-element-251548e elementor-widget__width-initial elementor-widget-mobile__width-inherit elementor-widget elementor-widget-lqd-image\" data-id=\"251548e\" data-element_type=\"widget\" data-widget_type=\"lqd-image.default\">\n\t\t\t\t<div class=\"elementor-widget-container\">\n\t\t\t\t\t\n\t\t<figure class=\"inline-block relative align-middle overflow-hidden lqd-transform-perspective transition-colors\" data-lqd-look-at-mouse data-lqd-hover3d-el>\n\n\t\t\t\n\t\t\t\t\n\t\t\t\t<img decoding=\"async\" width=\"2032\" height=\"3048\" src=\"https:\/\/talay.com\/wp-content\/uploads\/2024\/05\/YosiMizrahi.jpg\" class=\"attachment-full size-full wp-image-3156\" alt=\"\" srcset=\"https:\/\/talay.com\/wp-content\/uploads\/2024\/05\/YosiMizrahi.jpg 2032w, https:\/\/talay.com\/wp-content\/uploads\/2024\/05\/YosiMizrahi-200x300.jpg 200w, https:\/\/talay.com\/wp-content\/uploads\/2024\/05\/YosiMizrahi-683x1024.jpg 683w\" sizes=\"(max-width: 2032px) 100vw, 2032px\" \/>\n\t\t\t\t\n\t\t\t\t\n\t\t\t\t\n\t\t\t\n\t\t\t\n\t\t<\/figure>\n\n\t\t\t\t\t\t<\/div>\n\t\t\t\t<\/div>\n\t\t\t\t<div class=\"elementor-element elementor-element-35f3eb5 elementor-widget__width-initial elementor-widget-mobile__width-inherit elementor-widget elementor-widget-lqd-image\" data-id=\"35f3eb5\" data-element_type=\"widget\" data-widget_type=\"lqd-image.default\">\n\t\t\t\t<div class=\"elementor-widget-container\">\n\t\t\t\t\t\n\t\t<figure class=\"inline-block relative align-middle overflow-hidden lqd-transform-perspective transition-colors\" data-lqd-look-at-mouse data-lqd-hover3d-el>\n\n\t\t\t\n\t\t\t\t\n\t\t\t\t<img decoding=\"async\" width=\"3048\" height=\"2032\" src=\"https:\/\/talay.com\/wp-content\/uploads\/2024\/05\/SaffetEmreTonguc.jpg\" class=\"attachment-full size-full wp-image-3155\" alt=\"\" srcset=\"https:\/\/talay.com\/wp-content\/uploads\/2024\/05\/SaffetEmreTonguc.jpg 3048w, https:\/\/talay.com\/wp-content\/uploads\/2024\/05\/SaffetEmreTonguc-300x200.jpg 300w, https:\/\/talay.com\/wp-content\/uploads\/2024\/05\/SaffetEmreTonguc-1024x683.jpg 1024w\" sizes=\"(max-width: 3048px) 100vw, 3048px\" \/>\n\t\t\t\t\n\t\t\t\t\n\t\t\t\t\n\t\t\t\n\t\t\t\n\t\t<\/figure>\n\n\t\t\t\t\t\t<\/div>\n\t\t\t\t<\/div>\n\t\t\t\t\t<\/div>\n\t\t\t\t<\/div>\n\t\t\t\t<\/div>\n\t\t","protected":false},"excerpt":{"rendered":"<p>Sarp Intermodal 10. y\u0131l d\u00f6n\u00fcm\u00fcnde b\u00fcy\u00fck bir d\u00f6n\u00fc\u015f\u00fcme imza atarak, faaliyetlerini Talay Logistics ad\u0131 alt\u0131nda birle\u015ftirdi. \u0130sim de\u011fi\u015fikli\u011fi ve kurumsal d\u00f6n\u00fc\u015f\u00fcm\u00fc Esma Sultan Yal\u0131s\u0131\u2019nda d\u00fczenlenen \u00f6zel etkinlikle duyuran \u015firket, art\u0131k intermodal d\u0131\u015f\u0131nda lojisti\u011fin her alan\u0131nda entegre hizmet veren bir yap\u0131 olarak faaliyet g\u00f6sterecek. Talay Logistics CEO\u2019su Onur Talay, yenilenmi\u015f markalar\u0131yla daha b\u00fcy\u00fck hedeflere ilerleyeceklerini s\u00f6yledi. [&hellip;]<\/p>\n","protected":false},"author":1,"featured_media":3890,"comment_status":"closed","ping_status":"closed","sticky":false,"template":"","format":"standard","meta":{"footnotes":""},"categories":[39],"tags":[],"class_list":["post-5624","post","type-post","status-publish","format-standard","has-post-thumbnail","hentry","category-haber-en"],"yoast_head":"<!-- This site is optimized with the Yoast SEO plugin v26.7 - https:\/\/yoast.com\/wordpress\/plugins\/seo\/ -->\n<title>Sarp Intermodal 10. Y\u0131l\u0131nda Talay Logistics&#039;e D\u00f6n\u00fc\u015ft\u00fc | Talay Logistics<\/title>\n<meta name=\"robots\" content=\"index, follow, max-snippet:-1, max-image-preview:large, max-video-preview:-1\" \/>\n<link rel=\"canonical\" href=\"https:\/\/talay.com\/en\/sarp-intermodal-10-yilinda-talay-logisticse-donustu\/\" \/>\n<meta property=\"og:locale\" content=\"en_US\" \/>\n<meta property=\"og:type\" content=\"article\" \/>\n<meta property=\"og:title\" content=\"Sarp Intermodal 10. Y\u0131l\u0131nda Talay Logistics&#039;e D\u00f6n\u00fc\u015ft\u00fc | Talay Logistics\" \/>\n<meta property=\"og:description\" content=\"Sarp Intermodal 10. y\u0131l d\u00f6n\u00fcm\u00fcnde b\u00fcy\u00fck bir d\u00f6n\u00fc\u015f\u00fcme imza atarak, faaliyetlerini Talay Logistics ad\u0131 alt\u0131nda birle\u015ftirdi. \u0130sim de\u011fi\u015fikli\u011fi ve kurumsal d\u00f6n\u00fc\u015f\u00fcm\u00fc Esma Sultan Yal\u0131s\u0131\u2019nda d\u00fczenlenen \u00f6zel etkinlikle duyuran \u015firket, art\u0131k intermodal d\u0131\u015f\u0131nda lojisti\u011fin her alan\u0131nda entegre hizmet veren bir yap\u0131 olarak faaliyet g\u00f6sterecek. Talay Logistics CEO\u2019su Onur Talay, yenilenmi\u015f markalar\u0131yla daha b\u00fcy\u00fck hedeflere ilerleyeceklerini s\u00f6yledi. [&hellip;]\" \/>\n<meta property=\"og:url\" content=\"https:\/\/talay.com\/en\/sarp-intermodal-10-yilinda-talay-logisticse-donustu\/\" \/>\n<meta property=\"og:site_name\" content=\"Talay Logistics\" \/>\n<meta property=\"article:publisher\" content=\"https:\/\/facebook.com\/talaylogistics\" \/>\n<meta property=\"article:published_time\" content=\"2024-05-12T07:10:33+00:00\" \/>\n<meta property=\"og:image\" content=\"https:\/\/talay.com\/wp-content\/uploads\/2024\/05\/KenanDogulu-TalayLogistics-01.jpg\" \/>\n<meta name=\"author\" content=\"admin\" \/>\n<meta name=\"twitter:card\" content=\"summary_large_image\" \/>\n<meta name=\"twitter:creator\" content=\"@talaylogistics\" \/>\n<meta name=\"twitter:site\" content=\"@talaylogistics\" \/>\n<meta name=\"twitter:label1\" content=\"Written by\" \/>\n\t<meta name=\"twitter:data1\" content=\"admin\" \/>\n\t<meta name=\"twitter:label2\" content=\"Est. reading time\" \/>\n\t<meta name=\"twitter:data2\" content=\"3 minutes\" \/>\n<script type=\"application\/ld+json\" class=\"yoast-schema-graph\">{\"@context\":\"https:\/\/schema.org\",\"@graph\":[{\"@type\":\"Article\",\"@id\":\"https:\/\/talay.com\/en\/sarp-intermodal-10-yilinda-talay-logisticse-donustu\/#article\",\"isPartOf\":{\"@id\":\"https:\/\/talay.com\/en\/sarp-intermodal-10-yilinda-talay-logisticse-donustu\/\"},\"author\":{\"name\":\"admin\",\"@id\":\"https:\/\/talay.com\/#\/schema\/person\/4ef66f7c0d09326cd8506089c5a9bea5\"},\"headline\":\"Sarp Intermodal 10. Y\u0131l\u0131nda Talay Logistics&#8217;e D\u00f6n\u00fc\u015ft\u00fc\",\"datePublished\":\"2024-05-12T07:10:33+00:00\",\"mainEntityOfPage\":{\"@id\":\"https:\/\/talay.com\/en\/sarp-intermodal-10-yilinda-talay-logisticse-donustu\/\"},\"wordCount\":602,\"publisher\":{\"@id\":\"https:\/\/talay.com\/#organization\"},\"image\":{\"@id\":\"https:\/\/talay.com\/en\/sarp-intermodal-10-yilinda-talay-logisticse-donustu\/#primaryimage\"},\"thumbnailUrl\":\"https:\/\/talay.com\/wp-content\/uploads\/2024\/05\/Talay_Logistics.jpg\",\"articleSection\":[\"News\"],\"inLanguage\":\"en-US\"},{\"@type\":\"WebPage\",\"@id\":\"https:\/\/talay.com\/en\/sarp-intermodal-10-yilinda-talay-logisticse-donustu\/\",\"url\":\"https:\/\/talay.com\/en\/sarp-intermodal-10-yilinda-talay-logisticse-donustu\/\",\"name\":\"Sarp Intermodal 10. Y\u0131l\u0131nda Talay Logistics'e D\u00f6n\u00fc\u015ft\u00fc | Talay Logistics\",\"isPartOf\":{\"@id\":\"https:\/\/talay.com\/#website\"},\"primaryImageOfPage\":{\"@id\":\"https:\/\/talay.com\/en\/sarp-intermodal-10-yilinda-talay-logisticse-donustu\/#primaryimage\"},\"image\":{\"@id\":\"https:\/\/talay.com\/en\/sarp-intermodal-10-yilinda-talay-logisticse-donustu\/#primaryimage\"},\"thumbnailUrl\":\"https:\/\/talay.com\/wp-content\/uploads\/2024\/05\/Talay_Logistics.jpg\",\"datePublished\":\"2024-05-12T07:10:33+00:00\",\"breadcrumb\":{\"@id\":\"https:\/\/talay.com\/en\/sarp-intermodal-10-yilinda-talay-logisticse-donustu\/#breadcrumb\"},\"inLanguage\":\"en-US\",\"potentialAction\":[{\"@type\":\"ReadAction\",\"target\":[\"https:\/\/talay.com\/en\/sarp-intermodal-10-yilinda-talay-logisticse-donustu\/\"]}]},{\"@type\":\"ImageObject\",\"inLanguage\":\"en-US\",\"@id\":\"https:\/\/talay.com\/en\/sarp-intermodal-10-yilinda-talay-logisticse-donustu\/#primaryimage\",\"url\":\"https:\/\/talay.com\/wp-content\/uploads\/2024\/05\/Talay_Logistics.jpg\",\"contentUrl\":\"https:\/\/talay.com\/wp-content\/uploads\/2024\/05\/Talay_Logistics.jpg\",\"width\":1500,\"height\":1500},{\"@type\":\"BreadcrumbList\",\"@id\":\"https:\/\/talay.com\/en\/sarp-intermodal-10-yilinda-talay-logisticse-donustu\/#breadcrumb\",\"itemListElement\":[{\"@type\":\"ListItem\",\"position\":1,\"name\":\"Anasayfa\",\"item\":\"https:\/\/talay.com\/en\/\"},{\"@type\":\"ListItem\",\"position\":2,\"name\":\"Sarp Intermodal 10. Y\u0131l\u0131nda Talay Logistics&#8217;e D\u00f6n\u00fc\u015ft\u00fc\"}]},{\"@type\":\"WebSite\",\"@id\":\"https:\/\/talay.com\/#website\",\"url\":\"https:\/\/talay.com\/\",\"name\":\"Talay Logistics\",\"description\":\"Entegre Ta\u015f\u0131mac\u0131l\u0131k \u00c7\u00f6z\u00fcmleri\",\"publisher\":{\"@id\":\"https:\/\/talay.com\/#organization\"},\"potentialAction\":[{\"@type\":\"SearchAction\",\"target\":{\"@type\":\"EntryPoint\",\"urlTemplate\":\"https:\/\/talay.com\/?s={search_term_string}\"},\"query-input\":{\"@type\":\"PropertyValueSpecification\",\"valueRequired\":true,\"valueName\":\"search_term_string\"}}],\"inLanguage\":\"en-US\"},{\"@type\":\"Organization\",\"@id\":\"https:\/\/talay.com\/#organization\",\"name\":\"Talay Logistics\",\"url\":\"https:\/\/talay.com\/\",\"logo\":{\"@type\":\"ImageObject\",\"inLanguage\":\"en-US\",\"@id\":\"https:\/\/talay.com\/#\/schema\/logo\/image\/\",\"url\":\"https:\/\/talay.com\/wp-content\/uploads\/2024\/05\/talay-web-ikon.png\",\"contentUrl\":\"https:\/\/talay.com\/wp-content\/uploads\/2024\/05\/talay-web-ikon.png\",\"width\":500,\"height\":500,\"caption\":\"Talay Logistics\"},\"image\":{\"@id\":\"https:\/\/talay.com\/#\/schema\/logo\/image\/\"},\"sameAs\":[\"https:\/\/facebook.com\/talaylogistics\",\"https:\/\/x.com\/talaylogistics\",\"https:\/\/linkedin.com\/company\/talaylogistics\",\"https:\/\/instagram.com\/talay.logistics\"]},{\"@type\":\"Person\",\"@id\":\"https:\/\/talay.com\/#\/schema\/person\/4ef66f7c0d09326cd8506089c5a9bea5\",\"name\":\"admin\",\"image\":{\"@type\":\"ImageObject\",\"inLanguage\":\"en-US\",\"@id\":\"https:\/\/talay.com\/#\/schema\/person\/image\/\",\"url\":\"https:\/\/secure.gravatar.com\/avatar\/1ba460bdb360e968b6892a9005fe3958d361c6abce699d3ccb40a9271aec5fb6?s=96&d=mm&r=g\",\"contentUrl\":\"https:\/\/secure.gravatar.com\/avatar\/1ba460bdb360e968b6892a9005fe3958d361c6abce699d3ccb40a9271aec5fb6?s=96&d=mm&r=g\",\"caption\":\"admin\"},\"sameAs\":[\"https:\/\/talay.com\"]}]}<\/script>\n<!-- \/ Yoast SEO plugin. -->","yoast_head_json":{"title":"Sarp Intermodal 10. Y\u0131l\u0131nda Talay Logistics'e D\u00f6n\u00fc\u015ft\u00fc | Talay Logistics","robots":{"index":"index","follow":"follow","max-snippet":"max-snippet:-1","max-image-preview":"max-image-preview:large","max-video-preview":"max-video-preview:-1"},"canonical":"https:\/\/talay.com\/en\/sarp-intermodal-10-yilinda-talay-logisticse-donustu\/","og_locale":"en_US","og_type":"article","og_title":"Sarp Intermodal 10. Y\u0131l\u0131nda Talay Logistics'e D\u00f6n\u00fc\u015ft\u00fc | Talay Logistics","og_description":"Sarp Intermodal 10. y\u0131l d\u00f6n\u00fcm\u00fcnde b\u00fcy\u00fck bir d\u00f6n\u00fc\u015f\u00fcme imza atarak, faaliyetlerini Talay Logistics ad\u0131 alt\u0131nda birle\u015ftirdi. \u0130sim de\u011fi\u015fikli\u011fi ve kurumsal d\u00f6n\u00fc\u015f\u00fcm\u00fc Esma Sultan Yal\u0131s\u0131\u2019nda d\u00fczenlenen \u00f6zel etkinlikle duyuran \u015firket, art\u0131k intermodal d\u0131\u015f\u0131nda lojisti\u011fin her alan\u0131nda entegre hizmet veren bir yap\u0131 olarak faaliyet g\u00f6sterecek. Talay Logistics CEO\u2019su Onur Talay, yenilenmi\u015f markalar\u0131yla daha b\u00fcy\u00fck hedeflere ilerleyeceklerini s\u00f6yledi. [&hellip;]","og_url":"https:\/\/talay.com\/en\/sarp-intermodal-10-yilinda-talay-logisticse-donustu\/","og_site_name":"Talay Logistics","article_publisher":"https:\/\/facebook.com\/talaylogistics","article_published_time":"2024-05-12T07:10:33+00:00","og_image":[{"url":"https:\/\/talay.com\/wp-content\/uploads\/2024\/05\/KenanDogulu-TalayLogistics-01.jpg","type":"","width":"","height":""}],"author":"admin","twitter_card":"summary_large_image","twitter_creator":"@talaylogistics","twitter_site":"@talaylogistics","twitter_misc":{"Written by":"admin","Est. reading time":"3 minutes"},"schema":{"@context":"https:\/\/schema.org","@graph":[{"@type":"Article","@id":"https:\/\/talay.com\/en\/sarp-intermodal-10-yilinda-talay-logisticse-donustu\/#article","isPartOf":{"@id":"https:\/\/talay.com\/en\/sarp-intermodal-10-yilinda-talay-logisticse-donustu\/"},"author":{"name":"admin","@id":"https:\/\/talay.com\/#\/schema\/person\/4ef66f7c0d09326cd8506089c5a9bea5"},"headline":"Sarp Intermodal 10. Y\u0131l\u0131nda Talay Logistics&#8217;e D\u00f6n\u00fc\u015ft\u00fc","datePublished":"2024-05-12T07:10:33+00:00","mainEntityOfPage":{"@id":"https:\/\/talay.com\/en\/sarp-intermodal-10-yilinda-talay-logisticse-donustu\/"},"wordCount":602,"publisher":{"@id":"https:\/\/talay.com\/#organization"},"image":{"@id":"https:\/\/talay.com\/en\/sarp-intermodal-10-yilinda-talay-logisticse-donustu\/#primaryimage"},"thumbnailUrl":"https:\/\/talay.com\/wp-content\/uploads\/2024\/05\/Talay_Logistics.jpg","articleSection":["News"],"inLanguage":"en-US"},{"@type":"WebPage","@id":"https:\/\/talay.com\/en\/sarp-intermodal-10-yilinda-talay-logisticse-donustu\/","url":"https:\/\/talay.com\/en\/sarp-intermodal-10-yilinda-talay-logisticse-donustu\/","name":"Sarp Intermodal 10. Y\u0131l\u0131nda Talay Logistics'e D\u00f6n\u00fc\u015ft\u00fc | Talay Logistics","isPartOf":{"@id":"https:\/\/talay.com\/#website"},"primaryImageOfPage":{"@id":"https:\/\/talay.com\/en\/sarp-intermodal-10-yilinda-talay-logisticse-donustu\/#primaryimage"},"image":{"@id":"https:\/\/talay.com\/en\/sarp-intermodal-10-yilinda-talay-logisticse-donustu\/#primaryimage"},"thumbnailUrl":"https:\/\/talay.com\/wp-content\/uploads\/2024\/05\/Talay_Logistics.jpg","datePublished":"2024-05-12T07:10:33+00:00","breadcrumb":{"@id":"https:\/\/talay.com\/en\/sarp-intermodal-10-yilinda-talay-logisticse-donustu\/#breadcrumb"},"inLanguage":"en-US","potentialAction":[{"@type":"ReadAction","target":["https:\/\/talay.com\/en\/sarp-intermodal-10-yilinda-talay-logisticse-donustu\/"]}]},{"@type":"ImageObject","inLanguage":"en-US","@id":"https:\/\/talay.com\/en\/sarp-intermodal-10-yilinda-talay-logisticse-donustu\/#primaryimage","url":"https:\/\/talay.com\/wp-content\/uploads\/2024\/05\/Talay_Logistics.jpg","contentUrl":"https:\/\/talay.com\/wp-content\/uploads\/2024\/05\/Talay_Logistics.jpg","width":1500,"height":1500},{"@type":"BreadcrumbList","@id":"https:\/\/talay.com\/en\/sarp-intermodal-10-yilinda-talay-logisticse-donustu\/#breadcrumb","itemListElement":[{"@type":"ListItem","position":1,"name":"Anasayfa","item":"https:\/\/talay.com\/en\/"},{"@type":"ListItem","position":2,"name":"Sarp Intermodal 10. Y\u0131l\u0131nda Talay Logistics&#8217;e D\u00f6n\u00fc\u015ft\u00fc"}]},{"@type":"WebSite","@id":"https:\/\/talay.com\/#website","url":"https:\/\/talay.com\/","name":"Talay Logistics","description":"Entegre Ta\u015f\u0131mac\u0131l\u0131k \u00c7\u00f6z\u00fcmleri","publisher":{"@id":"https:\/\/talay.com\/#organization"},"potentialAction":[{"@type":"SearchAction","target":{"@type":"EntryPoint","urlTemplate":"https:\/\/talay.com\/?s={search_term_string}"},"query-input":{"@type":"PropertyValueSpecification","valueRequired":true,"valueName":"search_term_string"}}],"inLanguage":"en-US"},{"@type":"Organization","@id":"https:\/\/talay.com\/#organization","name":"Talay Logistics","url":"https:\/\/talay.com\/","logo":{"@type":"ImageObject","inLanguage":"en-US","@id":"https:\/\/talay.com\/#\/schema\/logo\/image\/","url":"https:\/\/talay.com\/wp-content\/uploads\/2024\/05\/talay-web-ikon.png","contentUrl":"https:\/\/talay.com\/wp-content\/uploads\/2024\/05\/talay-web-ikon.png","width":500,"height":500,"caption":"Talay Logistics"},"image":{"@id":"https:\/\/talay.com\/#\/schema\/logo\/image\/"},"sameAs":["https:\/\/facebook.com\/talaylogistics","https:\/\/x.com\/talaylogistics","https:\/\/linkedin.com\/company\/talaylogistics","https:\/\/instagram.com\/talay.logistics"]},{"@type":"Person","@id":"https:\/\/talay.com\/#\/schema\/person\/4ef66f7c0d09326cd8506089c5a9bea5","name":"admin","image":{"@type":"ImageObject","inLanguage":"en-US","@id":"https:\/\/talay.com\/#\/schema\/person\/image\/","url":"https:\/\/secure.gravatar.com\/avatar\/1ba460bdb360e968b6892a9005fe3958d361c6abce699d3ccb40a9271aec5fb6?s=96&d=mm&r=g","contentUrl":"https:\/\/secure.gravatar.com\/avatar\/1ba460bdb360e968b6892a9005fe3958d361c6abce699d3ccb40a9271aec5fb6?s=96&d=mm&r=g","caption":"admin"},"sameAs":["https:\/\/talay.com"]}]}},"_links":{"self":[{"href":"https:\/\/talay.com\/en\/wp-json\/wp\/v2\/posts\/5624","targetHints":{"allow":["GET"]}}],"collection":[{"href":"https:\/\/talay.com\/en\/wp-json\/wp\/v2\/posts"}],"about":[{"href":"https:\/\/talay.com\/en\/wp-json\/wp\/v2\/types\/post"}],"author":[{"embeddable":true,"href":"https:\/\/talay.com\/en\/wp-json\/wp\/v2\/users\/1"}],"replies":[{"embeddable":true,"href":"https:\/\/talay.com\/en\/wp-json\/wp\/v2\/comments?post=5624"}],"version-history":[{"count":0,"href":"https:\/\/talay.com\/en\/wp-json\/wp\/v2\/posts\/5624\/revisions"}],"wp:featuredmedia":[{"embeddable":true,"href":"https:\/\/talay.com\/en\/wp-json\/wp\/v2\/media\/3890"}],"wp:attachment":[{"href":"https:\/\/talay.com\/en\/wp-json\/wp\/v2\/media?parent=5624"}],"wp:term":[{"taxonomy":"category","embeddable":true,"href":"https:\/\/talay.com\/en\/wp-json\/wp\/v2\/categories?post=5624"},{"taxonomy":"post_tag","embeddable":true,"href":"https:\/\/talay.com\/en\/wp-json\/wp\/v2\/tags?post=5624"}],"curies":[{"name":"wp","href":"https:\/\/api.w.org\/{rel}","templated":true}]}}