{"id":5622,"date":"2025-01-16T15:26:31","date_gmt":"2025-01-16T12:26:31","guid":{"rendered":"https:\/\/talay.com\/talay-logistics-entegre-yesil-lojistik-ile-surdurulebilirligi-destekliyor\/"},"modified":"2025-01-16T15:26:31","modified_gmt":"2025-01-16T12:26:31","slug":"talay-logistics-entegre-yesil-lojistik-ile-surdurulebilirligi-destekliyor","status":"publish","type":"post","link":"https:\/\/talay.com\/en\/talay-logistics-entegre-yesil-lojistik-ile-surdurulebilirligi-destekliyor\/","title":{"rendered":"Talay Logistics, Entegre Ye\u015fil Lojistik \u0130le S\u00fcrd\u00fcr\u00fclebilirli\u011fi Destekliyor"},"content":{"rendered":"\t\t<div data-elementor-type=\"wp-post\" data-elementor-id=\"5622\" class=\"elementor elementor-5622 elementor-4707\" data-elementor-post-type=\"post\">\n\t\t\t\t<div class=\"elementor-element elementor-element-eb43b3e e-flex e-con-boxed e-con e-parent\" data-id=\"eb43b3e\" data-element_type=\"container\">\n\t\t\t\t\t<div class=\"e-con-inner\">\n\t\t\t\t<div class=\"elementor-element elementor-element-1967e62 elementor-widget elementor-widget-lqd-image\" data-id=\"1967e62\" data-element_type=\"widget\" data-widget_type=\"lqd-image.default\">\n\t\t\t\t<div class=\"elementor-widget-container\">\n\t\t\t\t\t\n\t\t<figure class=\"inline-block relative align-middle overflow-hidden lqd-transform-perspective transition-colors\" data-lqd-look-at-mouse data-lqd-hover3d-el>\n\n\t\t\t\n\t\t\t\t\n\t\t\t\t<img fetchpriority=\"high\" decoding=\"async\" width=\"2160\" height=\"2160\" src=\"https:\/\/talay.com\/wp-content\/uploads\/2025\/01\/talay-YigitAltiparmak-1.jpg\" class=\"attachment-full size-full wp-image-4801\" alt=\"\" srcset=\"https:\/\/talay.com\/wp-content\/uploads\/2025\/01\/talay-YigitAltiparmak-1.jpg 2160w, https:\/\/talay.com\/wp-content\/uploads\/2025\/01\/talay-YigitAltiparmak-1-300x300.jpg 300w, https:\/\/talay.com\/wp-content\/uploads\/2025\/01\/talay-YigitAltiparmak-1-1024x1024.jpg 1024w, https:\/\/talay.com\/wp-content\/uploads\/2025\/01\/talay-YigitAltiparmak-1-150x150.jpg 150w\" sizes=\"(max-width: 2160px) 100vw, 2160px\" \/>\n\t\t\t\t\n\t\t\t\t\n\t\t\t\t\n\t\t\t\n\t\t\t\n\t\t<\/figure>\n\n\t\t\t\t\t\t<\/div>\n\t\t\t\t<\/div>\n\t\t\t\t\t<\/div>\n\t\t\t\t<\/div>\n\t\t<div class=\"elementor-element elementor-element-9d212b3 e-flex e-con-boxed e-con e-parent\" data-id=\"9d212b3\" data-element_type=\"container\">\n\t\t\t\t\t<div class=\"e-con-inner\">\n\t\t\t\t<div class=\"elementor-element elementor-element-e780f40 lqd-text-tag-h4 elementor-widget elementor-widget-lqd-text\" data-id=\"e780f40\" data-element_type=\"widget\" data-widget_type=\"lqd-text.default\">\n\t\t\t\t<div class=\"elementor-widget-container\">\n\t\t\t\t\t<h4 class=\"lqd-text-el m-0 p-0\"><span class=\"lqd-text-item relative elementor-repeater-item-15e90ad\">Entegre ye\u015fil lojistik hedefiyle \u00e7al\u0131\u015fan Talay Logistics, deniz, hava ve kara yolu, kontrat lojisti\u011fi ve g\u00fcmr\u00fck hizmetlerinde s\u00fcrd\u00fcr\u00fclebilirli\u011fi \u00f6n plana\n\u00e7\u0131karacak.<\/span><\/h4>\t\t\t\t<\/div>\n\t\t\t\t<\/div>\n\t\t\t\t<div class=\"elementor-element elementor-element-0fdc8ae lqd-text-tag-p elementor-widget elementor-widget-lqd-text\" data-id=\"0fdc8ae\" data-element_type=\"widget\" data-widget_type=\"lqd-text.default\">\n\t\t\t\t<div class=\"elementor-widget-container\">\n\t\t\t\t\t<p class=\"lqd-text-el m-0 p-0\"><span class=\"lqd-text-item relative elementor-repeater-item-049caf6\">Talay Logistics, marka d\u00f6n\u00fc\u015f\u00fcm\u00fcyle birlikte ye\u015fil lojistikteki \u00f6nc\u00fcl\u00fc\u011f\u00fcn\u00fc de korumaya devam ediyor. Ger\u00e7ekle\u015ftirdi\u011fi hizmetleri art\u0131k intermodal\nta\u015f\u0131malar\u0131n yan\u0131nda deniz, hava ve kara yolu, kontrat lojisti\u011fi, g\u00fcmr\u00fck hizmetleri gibi alanlarda yeni marka kimli\u011fiyle veren \u015firket, entegre ye\u015fil lojistik\nhedefi kapsam\u0131nda \u00e7al\u0131\u015fmalar\u0131n\u0131 s\u00fcrd\u00fcr\u00fcyor. Talay Logistics Genel M\u00fcd\u00fcr\u00fc ve Y\u00f6nettin Kurulu \u00dcyesi Yi\u011fit Alt\u0131parmak, i\u015f modellerinin ve b\u00fcy\u00fcme ivmelerinin\ny\u00fckselmesinde en \u00f6nemli fakt\u00f6r\u00fcn, \u00e7evre dostu intermodal ta\u015f\u0131malar\u0131 oldu\u011funu belirtti. \u0130hracat\u00e7\u0131 ve ithalat\u00e7\u0131lara maliyet etkin \u00e7\u00f6z\u00fcmler sunduklar\u0131 dile\ngetiren Alt\u0131parmak, \"En fazla karbon \u015fahm\u0131na neden olan sekt\u00f6rlerin ba\u015f\u0131nda gelen lojisti\u011fe, demir ve deniz yolu entegreli intermodal \u00e7\u00f6z\u00fcmlerimizle farkl\u0131\nbir alan a\u00e7t\u0131k. Bu sayede y\u00fcz binlerce kilometreyi minimum karbon emisyonuyla kat ettik\" dedi. \u0130ntermodal ta\u015f\u0131mac\u0131l\u0131kla 80 bin tonluk karbon saliminin\n\u00f6n\u00fcne ge\u00e7ti 2023 y\u0131l\u0131nda 80 bin operasyonunda kara yolu yerine intermodal ta\u015f\u0131mac\u0131l\u0131k modelini kulland\u0131klar\u0131na dikkati \u00e7eken Alt\u0131parmak, bu sayede\nyakla\u015f\u0131k 3 milyon 700 bin adet a\u011fa\u00e7 yani 9 bin 250 hektar orman\u0131n korunmas\u0131na destek olduklar\u0131n\u0131 dile getirdi. Ayn\u0131 zamanda80 bin tonluk karbon saliminin\n\u00f6n\u00fcne ge\u00e7tiklerine dikkat \u00e7eken Alt\u0131parmak, \"180 milyon kWh enerjiye 30 milyon litre dizel tasarrufu sa\u011flad\u0131k. 2024 sonunda tasarruf edilen karbon\nsal\u0131m\u0131n\u0131 ge\u00e7en y\u0131la g\u00f6re y\u00fczde 25 art\u0131rmay\u0131 hedefliyoruz\" diye konu\u015ftu. Elektrikli \u00e7ekici say\u0131s\u0131n\u0131 2030 y\u0131l\u0131na kadar 15'in \u00fczerine \u00e7\u0131karmay\u0131 planl\u0131yor\nAlt\u0131parmak, ge\u00e7en y\u0131l ger\u00e7ekle\u015ftirdikleri 900 milyon lira tutar\u0131ndaki yat\u0131r\u0131mlar\u0131n\u0131n b\u00fcy\u00fck b\u00f6l\u00fcm\u00fcn\u00fcn s\u00fcrd\u00fcr\u00fclebilirlik ve ye\u015fil lojistik odakl\u0131 oldu\u011funu dile\ngetirdi. Elektrikli \u00e7ekici say\u0131s\u0131n\u0131 2030'a kadar 15'in \u00fczerine \u00e7\u0131karmay\u0131 planlad\u0131klar\u0131n\u0131 ifade eden Alt\u0131parmak, \"Bununla birlikte yak\u0131n zamanda T\u00fcrkiye'nin ilk\nelektrikli treyler yat\u0131r\u0131m\u0131n\u0131 da ger\u00e7ekle\u015ftirece\u011fiz\" ifadelerini kulland\u0131.<\/span><\/p>\t\t\t\t<\/div>\n\t\t\t\t<\/div>\n\t\t\t\t\t<\/div>\n\t\t\t\t<\/div>\n\t\t\t\t<\/div>\n\t\t","protected":false},"excerpt":{"rendered":"<p>Entegre ye\u015fil lojistik hedefiyle \u00e7al\u0131\u015fan Talay Logistics, deniz, hava ve kara yolu, kontrat lojisti\u011fi ve g\u00fcmr\u00fck hizmetlerinde s\u00fcrd\u00fcr\u00fclebilirli\u011fi \u00f6n plana \u00e7\u0131karacak. Talay Logistics, marka d\u00f6n\u00fc\u015f\u00fcm\u00fcyle birlikte ye\u015fil lojistikteki \u00f6nc\u00fcl\u00fc\u011f\u00fcn\u00fc de korumaya devam ediyor. Ger\u00e7ekle\u015ftirdi\u011fi hizmetleri art\u0131k intermodal ta\u015f\u0131malar\u0131n yan\u0131nda deniz, hava ve kara yolu, kontrat lojisti\u011fi, g\u00fcmr\u00fck hizmetleri gibi alanlarda yeni marka kimli\u011fiyle veren \u015firket, [&hellip;]<\/p>\n","protected":false},"author":1,"featured_media":4728,"comment_status":"closed","ping_status":"closed","sticky":false,"template":"","format":"standard","meta":{"footnotes":""},"categories":[39],"tags":[],"class_list":["post-5622","post","type-post","status-publish","format-standard","has-post-thumbnail","hentry","category-haber-en"],"yoast_head":"<!-- This site is optimized with the Yoast SEO plugin v26.7 - https:\/\/yoast.com\/wordpress\/plugins\/seo\/ -->\n<title>Talay Logistics, Entegre Ye\u015fil Lojistik \u0130le S\u00fcrd\u00fcr\u00fclebilirli\u011fi Destekliyor | Talay Logistics<\/title>\n<meta name=\"robots\" content=\"index, follow, max-snippet:-1, max-image-preview:large, max-video-preview:-1\" \/>\n<link rel=\"canonical\" href=\"https:\/\/talay.com\/en\/talay-logistics-entegre-yesil-lojistik-ile-surdurulebilirligi-destekliyor\/\" \/>\n<meta property=\"og:locale\" content=\"en_US\" \/>\n<meta property=\"og:type\" content=\"article\" \/>\n<meta property=\"og:title\" content=\"Talay Logistics, Entegre Ye\u015fil Lojistik \u0130le S\u00fcrd\u00fcr\u00fclebilirli\u011fi Destekliyor | Talay Logistics\" \/>\n<meta property=\"og:description\" content=\"Entegre ye\u015fil lojistik hedefiyle \u00e7al\u0131\u015fan Talay Logistics, deniz, hava ve kara yolu, kontrat lojisti\u011fi ve g\u00fcmr\u00fck hizmetlerinde s\u00fcrd\u00fcr\u00fclebilirli\u011fi \u00f6n plana \u00e7\u0131karacak. Talay Logistics, marka d\u00f6n\u00fc\u015f\u00fcm\u00fcyle birlikte ye\u015fil lojistikteki \u00f6nc\u00fcl\u00fc\u011f\u00fcn\u00fc de korumaya devam ediyor. Ger\u00e7ekle\u015ftirdi\u011fi hizmetleri art\u0131k intermodal ta\u015f\u0131malar\u0131n yan\u0131nda deniz, hava ve kara yolu, kontrat lojisti\u011fi, g\u00fcmr\u00fck hizmetleri gibi alanlarda yeni marka kimli\u011fiyle veren \u015firket, [&hellip;]\" \/>\n<meta property=\"og:url\" content=\"https:\/\/talay.com\/en\/talay-logistics-entegre-yesil-lojistik-ile-surdurulebilirligi-destekliyor\/\" \/>\n<meta property=\"og:site_name\" content=\"Talay Logistics\" \/>\n<meta property=\"article:publisher\" content=\"https:\/\/facebook.com\/talaylogistics\" \/>\n<meta property=\"article:published_time\" content=\"2025-01-16T12:26:31+00:00\" \/>\n<meta property=\"og:image\" content=\"https:\/\/talay.com\/wp-content\/uploads\/2025\/01\/talay-YigitAltiparmak-1.jpg\" \/>\n<meta name=\"author\" content=\"admin\" \/>\n<meta name=\"twitter:card\" content=\"summary_large_image\" \/>\n<meta name=\"twitter:creator\" content=\"@talaylogistics\" \/>\n<meta name=\"twitter:site\" content=\"@talaylogistics\" \/>\n<meta name=\"twitter:label1\" content=\"Written by\" \/>\n\t<meta name=\"twitter:data1\" content=\"admin\" \/>\n\t<meta name=\"twitter:label2\" content=\"Est. reading time\" \/>\n\t<meta name=\"twitter:data2\" content=\"2 minutes\" \/>\n<script type=\"application\/ld+json\" class=\"yoast-schema-graph\">{\"@context\":\"https:\/\/schema.org\",\"@graph\":[{\"@type\":\"Article\",\"@id\":\"https:\/\/talay.com\/en\/talay-logistics-entegre-yesil-lojistik-ile-surdurulebilirligi-destekliyor\/#article\",\"isPartOf\":{\"@id\":\"https:\/\/talay.com\/en\/talay-logistics-entegre-yesil-lojistik-ile-surdurulebilirligi-destekliyor\/\"},\"author\":{\"name\":\"admin\",\"@id\":\"https:\/\/talay.com\/#\/schema\/person\/4ef66f7c0d09326cd8506089c5a9bea5\"},\"headline\":\"Talay Logistics, Entegre Ye\u015fil Lojistik \u0130le S\u00fcrd\u00fcr\u00fclebilirli\u011fi Destekliyor\",\"datePublished\":\"2025-01-16T12:26:31+00:00\",\"mainEntityOfPage\":{\"@id\":\"https:\/\/talay.com\/en\/talay-logistics-entegre-yesil-lojistik-ile-surdurulebilirligi-destekliyor\/\"},\"wordCount\":390,\"publisher\":{\"@id\":\"https:\/\/talay.com\/#organization\"},\"image\":{\"@id\":\"https:\/\/talay.com\/en\/talay-logistics-entegre-yesil-lojistik-ile-surdurulebilirligi-destekliyor\/#primaryimage\"},\"thumbnailUrl\":\"https:\/\/talay.com\/wp-content\/uploads\/2025\/01\/talay-YigitAltiparmak.jpg\",\"articleSection\":[\"News\"],\"inLanguage\":\"en-US\"},{\"@type\":\"WebPage\",\"@id\":\"https:\/\/talay.com\/en\/talay-logistics-entegre-yesil-lojistik-ile-surdurulebilirligi-destekliyor\/\",\"url\":\"https:\/\/talay.com\/en\/talay-logistics-entegre-yesil-lojistik-ile-surdurulebilirligi-destekliyor\/\",\"name\":\"Talay Logistics, Entegre Ye\u015fil Lojistik \u0130le S\u00fcrd\u00fcr\u00fclebilirli\u011fi Destekliyor | Talay Logistics\",\"isPartOf\":{\"@id\":\"https:\/\/talay.com\/#website\"},\"primaryImageOfPage\":{\"@id\":\"https:\/\/talay.com\/en\/talay-logistics-entegre-yesil-lojistik-ile-surdurulebilirligi-destekliyor\/#primaryimage\"},\"image\":{\"@id\":\"https:\/\/talay.com\/en\/talay-logistics-entegre-yesil-lojistik-ile-surdurulebilirligi-destekliyor\/#primaryimage\"},\"thumbnailUrl\":\"https:\/\/talay.com\/wp-content\/uploads\/2025\/01\/talay-YigitAltiparmak.jpg\",\"datePublished\":\"2025-01-16T12:26:31+00:00\",\"breadcrumb\":{\"@id\":\"https:\/\/talay.com\/en\/talay-logistics-entegre-yesil-lojistik-ile-surdurulebilirligi-destekliyor\/#breadcrumb\"},\"inLanguage\":\"en-US\",\"potentialAction\":[{\"@type\":\"ReadAction\",\"target\":[\"https:\/\/talay.com\/en\/talay-logistics-entegre-yesil-lojistik-ile-surdurulebilirligi-destekliyor\/\"]}]},{\"@type\":\"ImageObject\",\"inLanguage\":\"en-US\",\"@id\":\"https:\/\/talay.com\/en\/talay-logistics-entegre-yesil-lojistik-ile-surdurulebilirligi-destekliyor\/#primaryimage\",\"url\":\"https:\/\/talay.com\/wp-content\/uploads\/2025\/01\/talay-YigitAltiparmak.jpg\",\"contentUrl\":\"https:\/\/talay.com\/wp-content\/uploads\/2025\/01\/talay-YigitAltiparmak.jpg\",\"width\":2160,\"height\":2160},{\"@type\":\"BreadcrumbList\",\"@id\":\"https:\/\/talay.com\/en\/talay-logistics-entegre-yesil-lojistik-ile-surdurulebilirligi-destekliyor\/#breadcrumb\",\"itemListElement\":[{\"@type\":\"ListItem\",\"position\":1,\"name\":\"Anasayfa\",\"item\":\"https:\/\/talay.com\/en\/\"},{\"@type\":\"ListItem\",\"position\":2,\"name\":\"Talay Logistics, Entegre Ye\u015fil Lojistik \u0130le S\u00fcrd\u00fcr\u00fclebilirli\u011fi Destekliyor\"}]},{\"@type\":\"WebSite\",\"@id\":\"https:\/\/talay.com\/#website\",\"url\":\"https:\/\/talay.com\/\",\"name\":\"Talay Logistics\",\"description\":\"Entegre Ta\u015f\u0131mac\u0131l\u0131k \u00c7\u00f6z\u00fcmleri\",\"publisher\":{\"@id\":\"https:\/\/talay.com\/#organization\"},\"potentialAction\":[{\"@type\":\"SearchAction\",\"target\":{\"@type\":\"EntryPoint\",\"urlTemplate\":\"https:\/\/talay.com\/?s={search_term_string}\"},\"query-input\":{\"@type\":\"PropertyValueSpecification\",\"valueRequired\":true,\"valueName\":\"search_term_string\"}}],\"inLanguage\":\"en-US\"},{\"@type\":\"Organization\",\"@id\":\"https:\/\/talay.com\/#organization\",\"name\":\"Talay Logistics\",\"url\":\"https:\/\/talay.com\/\",\"logo\":{\"@type\":\"ImageObject\",\"inLanguage\":\"en-US\",\"@id\":\"https:\/\/talay.com\/#\/schema\/logo\/image\/\",\"url\":\"https:\/\/talay.com\/wp-content\/uploads\/2024\/05\/talay-web-ikon.png\",\"contentUrl\":\"https:\/\/talay.com\/wp-content\/uploads\/2024\/05\/talay-web-ikon.png\",\"width\":500,\"height\":500,\"caption\":\"Talay Logistics\"},\"image\":{\"@id\":\"https:\/\/talay.com\/#\/schema\/logo\/image\/\"},\"sameAs\":[\"https:\/\/facebook.com\/talaylogistics\",\"https:\/\/x.com\/talaylogistics\",\"https:\/\/linkedin.com\/company\/talaylogistics\",\"https:\/\/instagram.com\/talay.logistics\"]},{\"@type\":\"Person\",\"@id\":\"https:\/\/talay.com\/#\/schema\/person\/4ef66f7c0d09326cd8506089c5a9bea5\",\"name\":\"admin\",\"image\":{\"@type\":\"ImageObject\",\"inLanguage\":\"en-US\",\"@id\":\"https:\/\/talay.com\/#\/schema\/person\/image\/\",\"url\":\"https:\/\/secure.gravatar.com\/avatar\/1ba460bdb360e968b6892a9005fe3958d361c6abce699d3ccb40a9271aec5fb6?s=96&d=mm&r=g\",\"contentUrl\":\"https:\/\/secure.gravatar.com\/avatar\/1ba460bdb360e968b6892a9005fe3958d361c6abce699d3ccb40a9271aec5fb6?s=96&d=mm&r=g\",\"caption\":\"admin\"},\"sameAs\":[\"https:\/\/talay.com\"]}]}<\/script>\n<!-- \/ Yoast SEO plugin. -->","yoast_head_json":{"title":"Talay Logistics, Entegre Ye\u015fil Lojistik \u0130le S\u00fcrd\u00fcr\u00fclebilirli\u011fi Destekliyor | Talay Logistics","robots":{"index":"index","follow":"follow","max-snippet":"max-snippet:-1","max-image-preview":"max-image-preview:large","max-video-preview":"max-video-preview:-1"},"canonical":"https:\/\/talay.com\/en\/talay-logistics-entegre-yesil-lojistik-ile-surdurulebilirligi-destekliyor\/","og_locale":"en_US","og_type":"article","og_title":"Talay Logistics, Entegre Ye\u015fil Lojistik \u0130le S\u00fcrd\u00fcr\u00fclebilirli\u011fi Destekliyor | Talay Logistics","og_description":"Entegre ye\u015fil lojistik hedefiyle \u00e7al\u0131\u015fan Talay Logistics, deniz, hava ve kara yolu, kontrat lojisti\u011fi ve g\u00fcmr\u00fck hizmetlerinde s\u00fcrd\u00fcr\u00fclebilirli\u011fi \u00f6n plana \u00e7\u0131karacak. Talay Logistics, marka d\u00f6n\u00fc\u015f\u00fcm\u00fcyle birlikte ye\u015fil lojistikteki \u00f6nc\u00fcl\u00fc\u011f\u00fcn\u00fc de korumaya devam ediyor. Ger\u00e7ekle\u015ftirdi\u011fi hizmetleri art\u0131k intermodal ta\u015f\u0131malar\u0131n yan\u0131nda deniz, hava ve kara yolu, kontrat lojisti\u011fi, g\u00fcmr\u00fck hizmetleri gibi alanlarda yeni marka kimli\u011fiyle veren \u015firket, [&hellip;]","og_url":"https:\/\/talay.com\/en\/talay-logistics-entegre-yesil-lojistik-ile-surdurulebilirligi-destekliyor\/","og_site_name":"Talay Logistics","article_publisher":"https:\/\/facebook.com\/talaylogistics","article_published_time":"2025-01-16T12:26:31+00:00","og_image":[{"url":"https:\/\/talay.com\/wp-content\/uploads\/2025\/01\/talay-YigitAltiparmak-1.jpg","type":"","width":"","height":""}],"author":"admin","twitter_card":"summary_large_image","twitter_creator":"@talaylogistics","twitter_site":"@talaylogistics","twitter_misc":{"Written by":"admin","Est. reading time":"2 minutes"},"schema":{"@context":"https:\/\/schema.org","@graph":[{"@type":"Article","@id":"https:\/\/talay.com\/en\/talay-logistics-entegre-yesil-lojistik-ile-surdurulebilirligi-destekliyor\/#article","isPartOf":{"@id":"https:\/\/talay.com\/en\/talay-logistics-entegre-yesil-lojistik-ile-surdurulebilirligi-destekliyor\/"},"author":{"name":"admin","@id":"https:\/\/talay.com\/#\/schema\/person\/4ef66f7c0d09326cd8506089c5a9bea5"},"headline":"Talay Logistics, Entegre Ye\u015fil Lojistik \u0130le S\u00fcrd\u00fcr\u00fclebilirli\u011fi Destekliyor","datePublished":"2025-01-16T12:26:31+00:00","mainEntityOfPage":{"@id":"https:\/\/talay.com\/en\/talay-logistics-entegre-yesil-lojistik-ile-surdurulebilirligi-destekliyor\/"},"wordCount":390,"publisher":{"@id":"https:\/\/talay.com\/#organization"},"image":{"@id":"https:\/\/talay.com\/en\/talay-logistics-entegre-yesil-lojistik-ile-surdurulebilirligi-destekliyor\/#primaryimage"},"thumbnailUrl":"https:\/\/talay.com\/wp-content\/uploads\/2025\/01\/talay-YigitAltiparmak.jpg","articleSection":["News"],"inLanguage":"en-US"},{"@type":"WebPage","@id":"https:\/\/talay.com\/en\/talay-logistics-entegre-yesil-lojistik-ile-surdurulebilirligi-destekliyor\/","url":"https:\/\/talay.com\/en\/talay-logistics-entegre-yesil-lojistik-ile-surdurulebilirligi-destekliyor\/","name":"Talay Logistics, Entegre Ye\u015fil Lojistik \u0130le S\u00fcrd\u00fcr\u00fclebilirli\u011fi Destekliyor | Talay Logistics","isPartOf":{"@id":"https:\/\/talay.com\/#website"},"primaryImageOfPage":{"@id":"https:\/\/talay.com\/en\/talay-logistics-entegre-yesil-lojistik-ile-surdurulebilirligi-destekliyor\/#primaryimage"},"image":{"@id":"https:\/\/talay.com\/en\/talay-logistics-entegre-yesil-lojistik-ile-surdurulebilirligi-destekliyor\/#primaryimage"},"thumbnailUrl":"https:\/\/talay.com\/wp-content\/uploads\/2025\/01\/talay-YigitAltiparmak.jpg","datePublished":"2025-01-16T12:26:31+00:00","breadcrumb":{"@id":"https:\/\/talay.com\/en\/talay-logistics-entegre-yesil-lojistik-ile-surdurulebilirligi-destekliyor\/#breadcrumb"},"inLanguage":"en-US","potentialAction":[{"@type":"ReadAction","target":["https:\/\/talay.com\/en\/talay-logistics-entegre-yesil-lojistik-ile-surdurulebilirligi-destekliyor\/"]}]},{"@type":"ImageObject","inLanguage":"en-US","@id":"https:\/\/talay.com\/en\/talay-logistics-entegre-yesil-lojistik-ile-surdurulebilirligi-destekliyor\/#primaryimage","url":"https:\/\/talay.com\/wp-content\/uploads\/2025\/01\/talay-YigitAltiparmak.jpg","contentUrl":"https:\/\/talay.com\/wp-content\/uploads\/2025\/01\/talay-YigitAltiparmak.jpg","width":2160,"height":2160},{"@type":"BreadcrumbList","@id":"https:\/\/talay.com\/en\/talay-logistics-entegre-yesil-lojistik-ile-surdurulebilirligi-destekliyor\/#breadcrumb","itemListElement":[{"@type":"ListItem","position":1,"name":"Anasayfa","item":"https:\/\/talay.com\/en\/"},{"@type":"ListItem","position":2,"name":"Talay Logistics, Entegre Ye\u015fil Lojistik \u0130le S\u00fcrd\u00fcr\u00fclebilirli\u011fi Destekliyor"}]},{"@type":"WebSite","@id":"https:\/\/talay.com\/#website","url":"https:\/\/talay.com\/","name":"Talay Logistics","description":"Entegre Ta\u015f\u0131mac\u0131l\u0131k \u00c7\u00f6z\u00fcmleri","publisher":{"@id":"https:\/\/talay.com\/#organization"},"potentialAction":[{"@type":"SearchAction","target":{"@type":"EntryPoint","urlTemplate":"https:\/\/talay.com\/?s={search_term_string}"},"query-input":{"@type":"PropertyValueSpecification","valueRequired":true,"valueName":"search_term_string"}}],"inLanguage":"en-US"},{"@type":"Organization","@id":"https:\/\/talay.com\/#organization","name":"Talay Logistics","url":"https:\/\/talay.com\/","logo":{"@type":"ImageObject","inLanguage":"en-US","@id":"https:\/\/talay.com\/#\/schema\/logo\/image\/","url":"https:\/\/talay.com\/wp-content\/uploads\/2024\/05\/talay-web-ikon.png","contentUrl":"https:\/\/talay.com\/wp-content\/uploads\/2024\/05\/talay-web-ikon.png","width":500,"height":500,"caption":"Talay Logistics"},"image":{"@id":"https:\/\/talay.com\/#\/schema\/logo\/image\/"},"sameAs":["https:\/\/facebook.com\/talaylogistics","https:\/\/x.com\/talaylogistics","https:\/\/linkedin.com\/company\/talaylogistics","https:\/\/instagram.com\/talay.logistics"]},{"@type":"Person","@id":"https:\/\/talay.com\/#\/schema\/person\/4ef66f7c0d09326cd8506089c5a9bea5","name":"admin","image":{"@type":"ImageObject","inLanguage":"en-US","@id":"https:\/\/talay.com\/#\/schema\/person\/image\/","url":"https:\/\/secure.gravatar.com\/avatar\/1ba460bdb360e968b6892a9005fe3958d361c6abce699d3ccb40a9271aec5fb6?s=96&d=mm&r=g","contentUrl":"https:\/\/secure.gravatar.com\/avatar\/1ba460bdb360e968b6892a9005fe3958d361c6abce699d3ccb40a9271aec5fb6?s=96&d=mm&r=g","caption":"admin"},"sameAs":["https:\/\/talay.com"]}]}},"_links":{"self":[{"href":"https:\/\/talay.com\/en\/wp-json\/wp\/v2\/posts\/5622","targetHints":{"allow":["GET"]}}],"collection":[{"href":"https:\/\/talay.com\/en\/wp-json\/wp\/v2\/posts"}],"about":[{"href":"https:\/\/talay.com\/en\/wp-json\/wp\/v2\/types\/post"}],"author":[{"embeddable":true,"href":"https:\/\/talay.com\/en\/wp-json\/wp\/v2\/users\/1"}],"replies":[{"embeddable":true,"href":"https:\/\/talay.com\/en\/wp-json\/wp\/v2\/comments?post=5622"}],"version-history":[{"count":0,"href":"https:\/\/talay.com\/en\/wp-json\/wp\/v2\/posts\/5622\/revisions"}],"wp:featuredmedia":[{"embeddable":true,"href":"https:\/\/talay.com\/en\/wp-json\/wp\/v2\/media\/4728"}],"wp:attachment":[{"href":"https:\/\/talay.com\/en\/wp-json\/wp\/v2\/media?parent=5622"}],"wp:term":[{"taxonomy":"category","embeddable":true,"href":"https:\/\/talay.com\/en\/wp-json\/wp\/v2\/categories?post=5622"},{"taxonomy":"post_tag","embeddable":true,"href":"https:\/\/talay.com\/en\/wp-json\/wp\/v2\/tags?post=5622"}],"curies":[{"name":"wp","href":"https:\/\/api.w.org\/{rel}","templated":true}]}}