{"id":5617,"date":"2025-01-16T18:36:29","date_gmt":"2025-01-16T15:36:29","guid":{"rendered":"https:\/\/talay.com\/tirlar-karadan-denize-tasiniyor\/"},"modified":"2025-01-16T18:36:29","modified_gmt":"2025-01-16T15:36:29","slug":"tirlar-karadan-denize-tasiniyor","status":"publish","type":"post","link":"https:\/\/talay.com\/en\/tirlar-karadan-denize-tasiniyor\/","title":{"rendered":"T\u0131r&#8217;lar, Karadan Denize Ta\u015f\u0131n\u0131yor"},"content":{"rendered":"\t\t<div data-elementor-type=\"wp-post\" data-elementor-id=\"5617\" class=\"elementor elementor-5617 elementor-4772\" data-elementor-post-type=\"post\">\n\t\t\t\t<div class=\"elementor-element elementor-element-eb43b3e e-flex e-con-boxed e-con e-parent\" data-id=\"eb43b3e\" data-element_type=\"container\">\n\t\t\t\t\t<div class=\"e-con-inner\">\n\t\t\t\t<div class=\"elementor-element elementor-element-1967e62 elementor-widget elementor-widget-lqd-image\" data-id=\"1967e62\" data-element_type=\"widget\" data-widget_type=\"lqd-image.default\">\n\t\t\t\t<div class=\"elementor-widget-container\">\n\t\t\t\t\t\n\t\t<figure class=\"inline-block relative align-middle overflow-hidden lqd-transform-perspective transition-colors\" data-lqd-look-at-mouse data-lqd-hover3d-el>\n\n\t\t\t\n\t\t\t\t\n\t\t\t\t<img fetchpriority=\"high\" decoding=\"async\" width=\"2160\" height=\"2160\" src=\"https:\/\/talay.com\/wp-content\/uploads\/2025\/01\/talay-YigitAltiparmak-1.jpg\" class=\"attachment-full size-full wp-image-4801\" alt=\"\" srcset=\"https:\/\/talay.com\/wp-content\/uploads\/2025\/01\/talay-YigitAltiparmak-1.jpg 2160w, https:\/\/talay.com\/wp-content\/uploads\/2025\/01\/talay-YigitAltiparmak-1-300x300.jpg 300w, https:\/\/talay.com\/wp-content\/uploads\/2025\/01\/talay-YigitAltiparmak-1-1024x1024.jpg 1024w, https:\/\/talay.com\/wp-content\/uploads\/2025\/01\/talay-YigitAltiparmak-1-150x150.jpg 150w\" sizes=\"(max-width: 2160px) 100vw, 2160px\" \/>\n\t\t\t\t\n\t\t\t\t\n\t\t\t\t\n\t\t\t\n\t\t\t\n\t\t<\/figure>\n\n\t\t\t\t\t\t<\/div>\n\t\t\t\t<\/div>\n\t\t\t\t\t<\/div>\n\t\t\t\t<\/div>\n\t\t<div class=\"elementor-element elementor-element-5ec1de1 e-flex e-con-boxed e-con e-parent\" data-id=\"5ec1de1\" data-element_type=\"container\">\n\t\t\t\t\t<div class=\"e-con-inner\">\n\t\t\t\t<div class=\"elementor-element elementor-element-987e199 elementor-widget elementor-widget-text-editor\" data-id=\"987e199\" data-element_type=\"widget\" data-widget_type=\"text-editor.default\">\n\t\t\t\t<div class=\"elementor-widget-container\">\n\t\t\t\t\t\t\t\t\t<p>Talay Logistics Genel M\u00fcd\u00fcr\u00fc ve Y\u00f6netim Kurulu \u00dcyesi Yi\u011fit Alt\u0131parmak da vize ve s\u0131n\u0131r uygulamalar\u0131 nedeniyle Avrupa-T\u00fcrkiye aras\u0131ndaki karayolu ta\u015f\u0131malar\u0131n\u0131 b\u00fcy\u00fck \u00f6l\u00e7\u00fcde aksatt\u0131\u011f\u0131n\u0131 belirterek, konuyla ilgili \u015fu a\u00e7\u0131klamay\u0131 yapt\u0131: \u201cD\u0131\u015f ticarette teslimatlarda \u00f6nemli gecikmeler meydana gelince, ihracat\u00e7\u0131lar\u0131n ve ithalat\u00e7\u0131lar\u0131n en \u00f6nemli alternatif olarak g\u00f6rd\u00fckleri intermodal ta\u015f\u0131malara ilgisi de ciddi olarak artt\u0131. ayl\u0131k ta\u015f\u0131ma operasyonumuz ortalama 7 bini ge\u00e7ti. G\u00fcnl\u00fck 350 civar\u0131nda da navlun teklifi veriyoruz. Avrupa\u2019daki \u015firketlerimiz, \u00f6zmal ara\u00e7 ve ekipmanlar\u0131m\u0131z, yayg\u0131n acente ba\u011flant\u0131lar\u0131m\u0131z sayesinde vize engelinin olumsuz etkilerini \u00f6nemli oranda azalt\u0131yoruz.\u201d<\/p>\t\t\t\t\t\t\t\t<\/div>\n\t\t\t\t<\/div>\n\t\t\t\t\t<\/div>\n\t\t\t\t<\/div>\n\t\t\t\t<\/div>\n\t\t","protected":false},"excerpt":{"rendered":"<p>Talay Logistics Genel M\u00fcd\u00fcr\u00fc ve Y\u00f6netim Kurulu \u00dcyesi Yi\u011fit Alt\u0131parmak da vize ve s\u0131n\u0131r uygulamalar\u0131 nedeniyle Avrupa-T\u00fcrkiye aras\u0131ndaki karayolu ta\u015f\u0131malar\u0131n\u0131 b\u00fcy\u00fck \u00f6l\u00e7\u00fcde aksatt\u0131\u011f\u0131n\u0131 belirterek, konuyla ilgili \u015fu a\u00e7\u0131klamay\u0131 yapt\u0131: \u201cD\u0131\u015f ticarette teslimatlarda \u00f6nemli gecikmeler meydana gelince, ihracat\u00e7\u0131lar\u0131n ve ithalat\u00e7\u0131lar\u0131n en \u00f6nemli alternatif olarak g\u00f6rd\u00fckleri intermodal ta\u015f\u0131malara ilgisi de ciddi olarak artt\u0131. ayl\u0131k ta\u015f\u0131ma operasyonumuz ortalama [&hellip;]<\/p>\n","protected":false},"author":1,"featured_media":4749,"comment_status":"closed","ping_status":"closed","sticky":false,"template":"","format":"standard","meta":{"footnotes":""},"categories":[39],"tags":[],"class_list":["post-5617","post","type-post","status-publish","format-standard","has-post-thumbnail","hentry","category-haber-en"],"yoast_head":"<!-- This site is optimized with the Yoast SEO plugin v26.7 - https:\/\/yoast.com\/wordpress\/plugins\/seo\/ -->\n<title>T\u0131r&#039;lar, Karadan Denize Ta\u015f\u0131n\u0131yor | Talay Logistics<\/title>\n<meta name=\"robots\" content=\"index, follow, max-snippet:-1, max-image-preview:large, max-video-preview:-1\" \/>\n<link rel=\"canonical\" href=\"https:\/\/talay.com\/en\/tirlar-karadan-denize-tasiniyor\/\" \/>\n<meta property=\"og:locale\" content=\"en_US\" \/>\n<meta property=\"og:type\" content=\"article\" \/>\n<meta property=\"og:title\" content=\"T\u0131r&#039;lar, Karadan Denize Ta\u015f\u0131n\u0131yor | Talay Logistics\" \/>\n<meta property=\"og:description\" content=\"Talay Logistics Genel M\u00fcd\u00fcr\u00fc ve Y\u00f6netim Kurulu \u00dcyesi Yi\u011fit Alt\u0131parmak da vize ve s\u0131n\u0131r uygulamalar\u0131 nedeniyle Avrupa-T\u00fcrkiye aras\u0131ndaki karayolu ta\u015f\u0131malar\u0131n\u0131 b\u00fcy\u00fck \u00f6l\u00e7\u00fcde aksatt\u0131\u011f\u0131n\u0131 belirterek, konuyla ilgili \u015fu a\u00e7\u0131klamay\u0131 yapt\u0131: \u201cD\u0131\u015f ticarette teslimatlarda \u00f6nemli gecikmeler meydana gelince, ihracat\u00e7\u0131lar\u0131n ve ithalat\u00e7\u0131lar\u0131n en \u00f6nemli alternatif olarak g\u00f6rd\u00fckleri intermodal ta\u015f\u0131malara ilgisi de ciddi olarak artt\u0131. ayl\u0131k ta\u015f\u0131ma operasyonumuz ortalama [&hellip;]\" \/>\n<meta property=\"og:url\" content=\"https:\/\/talay.com\/en\/tirlar-karadan-denize-tasiniyor\/\" \/>\n<meta property=\"og:site_name\" content=\"Talay Logistics\" \/>\n<meta property=\"article:publisher\" content=\"https:\/\/facebook.com\/talaylogistics\" \/>\n<meta property=\"article:published_time\" content=\"2025-01-16T15:36:29+00:00\" \/>\n<meta property=\"og:image\" content=\"https:\/\/talay.com\/wp-content\/uploads\/2025\/01\/talay-YigitAltiparmak-1.jpg\" \/>\n<meta name=\"author\" content=\"admin\" \/>\n<meta name=\"twitter:card\" content=\"summary_large_image\" \/>\n<meta name=\"twitter:creator\" content=\"@talaylogistics\" \/>\n<meta name=\"twitter:site\" content=\"@talaylogistics\" \/>\n<meta name=\"twitter:label1\" content=\"Written by\" \/>\n\t<meta name=\"twitter:data1\" content=\"admin\" \/>\n\t<meta name=\"twitter:label2\" content=\"Est. reading time\" \/>\n\t<meta name=\"twitter:data2\" content=\"1 minute\" \/>\n<script type=\"application\/ld+json\" class=\"yoast-schema-graph\">{\"@context\":\"https:\/\/schema.org\",\"@graph\":[{\"@type\":\"Article\",\"@id\":\"https:\/\/talay.com\/en\/tirlar-karadan-denize-tasiniyor\/#article\",\"isPartOf\":{\"@id\":\"https:\/\/talay.com\/en\/tirlar-karadan-denize-tasiniyor\/\"},\"author\":{\"name\":\"admin\",\"@id\":\"https:\/\/talay.com\/#\/schema\/person\/4ef66f7c0d09326cd8506089c5a9bea5\"},\"headline\":\"T\u0131r&#8217;lar, Karadan Denize Ta\u015f\u0131n\u0131yor\",\"datePublished\":\"2025-01-16T15:36:29+00:00\",\"mainEntityOfPage\":{\"@id\":\"https:\/\/talay.com\/en\/tirlar-karadan-denize-tasiniyor\/\"},\"wordCount\":126,\"publisher\":{\"@id\":\"https:\/\/talay.com\/#organization\"},\"image\":{\"@id\":\"https:\/\/talay.com\/en\/tirlar-karadan-denize-tasiniyor\/#primaryimage\"},\"thumbnailUrl\":\"https:\/\/talay.com\/wp-content\/uploads\/2025\/01\/talay-OnurTalay.jpg\",\"articleSection\":[\"News\"],\"inLanguage\":\"en-US\"},{\"@type\":\"WebPage\",\"@id\":\"https:\/\/talay.com\/en\/tirlar-karadan-denize-tasiniyor\/\",\"url\":\"https:\/\/talay.com\/en\/tirlar-karadan-denize-tasiniyor\/\",\"name\":\"T\u0131r'lar, Karadan Denize Ta\u015f\u0131n\u0131yor | Talay Logistics\",\"isPartOf\":{\"@id\":\"https:\/\/talay.com\/#website\"},\"primaryImageOfPage\":{\"@id\":\"https:\/\/talay.com\/en\/tirlar-karadan-denize-tasiniyor\/#primaryimage\"},\"image\":{\"@id\":\"https:\/\/talay.com\/en\/tirlar-karadan-denize-tasiniyor\/#primaryimage\"},\"thumbnailUrl\":\"https:\/\/talay.com\/wp-content\/uploads\/2025\/01\/talay-OnurTalay.jpg\",\"datePublished\":\"2025-01-16T15:36:29+00:00\",\"breadcrumb\":{\"@id\":\"https:\/\/talay.com\/en\/tirlar-karadan-denize-tasiniyor\/#breadcrumb\"},\"inLanguage\":\"en-US\",\"potentialAction\":[{\"@type\":\"ReadAction\",\"target\":[\"https:\/\/talay.com\/en\/tirlar-karadan-denize-tasiniyor\/\"]}]},{\"@type\":\"ImageObject\",\"inLanguage\":\"en-US\",\"@id\":\"https:\/\/talay.com\/en\/tirlar-karadan-denize-tasiniyor\/#primaryimage\",\"url\":\"https:\/\/talay.com\/wp-content\/uploads\/2025\/01\/talay-OnurTalay.jpg\",\"contentUrl\":\"https:\/\/talay.com\/wp-content\/uploads\/2025\/01\/talay-OnurTalay.jpg\",\"width\":2160,\"height\":2160},{\"@type\":\"BreadcrumbList\",\"@id\":\"https:\/\/talay.com\/en\/tirlar-karadan-denize-tasiniyor\/#breadcrumb\",\"itemListElement\":[{\"@type\":\"ListItem\",\"position\":1,\"name\":\"Anasayfa\",\"item\":\"https:\/\/talay.com\/en\/\"},{\"@type\":\"ListItem\",\"position\":2,\"name\":\"T\u0131r&#8217;lar, Karadan Denize Ta\u015f\u0131n\u0131yor\"}]},{\"@type\":\"WebSite\",\"@id\":\"https:\/\/talay.com\/#website\",\"url\":\"https:\/\/talay.com\/\",\"name\":\"Talay Logistics\",\"description\":\"Entegre Ta\u015f\u0131mac\u0131l\u0131k \u00c7\u00f6z\u00fcmleri\",\"publisher\":{\"@id\":\"https:\/\/talay.com\/#organization\"},\"potentialAction\":[{\"@type\":\"SearchAction\",\"target\":{\"@type\":\"EntryPoint\",\"urlTemplate\":\"https:\/\/talay.com\/?s={search_term_string}\"},\"query-input\":{\"@type\":\"PropertyValueSpecification\",\"valueRequired\":true,\"valueName\":\"search_term_string\"}}],\"inLanguage\":\"en-US\"},{\"@type\":\"Organization\",\"@id\":\"https:\/\/talay.com\/#organization\",\"name\":\"Talay Logistics\",\"url\":\"https:\/\/talay.com\/\",\"logo\":{\"@type\":\"ImageObject\",\"inLanguage\":\"en-US\",\"@id\":\"https:\/\/talay.com\/#\/schema\/logo\/image\/\",\"url\":\"https:\/\/talay.com\/wp-content\/uploads\/2024\/05\/talay-web-ikon.png\",\"contentUrl\":\"https:\/\/talay.com\/wp-content\/uploads\/2024\/05\/talay-web-ikon.png\",\"width\":500,\"height\":500,\"caption\":\"Talay Logistics\"},\"image\":{\"@id\":\"https:\/\/talay.com\/#\/schema\/logo\/image\/\"},\"sameAs\":[\"https:\/\/facebook.com\/talaylogistics\",\"https:\/\/x.com\/talaylogistics\",\"https:\/\/linkedin.com\/company\/talaylogistics\",\"https:\/\/instagram.com\/talay.logistics\"]},{\"@type\":\"Person\",\"@id\":\"https:\/\/talay.com\/#\/schema\/person\/4ef66f7c0d09326cd8506089c5a9bea5\",\"name\":\"admin\",\"image\":{\"@type\":\"ImageObject\",\"inLanguage\":\"en-US\",\"@id\":\"https:\/\/talay.com\/#\/schema\/person\/image\/\",\"url\":\"https:\/\/secure.gravatar.com\/avatar\/1ba460bdb360e968b6892a9005fe3958d361c6abce699d3ccb40a9271aec5fb6?s=96&d=mm&r=g\",\"contentUrl\":\"https:\/\/secure.gravatar.com\/avatar\/1ba460bdb360e968b6892a9005fe3958d361c6abce699d3ccb40a9271aec5fb6?s=96&d=mm&r=g\",\"caption\":\"admin\"},\"sameAs\":[\"https:\/\/talay.com\"]}]}<\/script>\n<!-- \/ Yoast SEO plugin. -->","yoast_head_json":{"title":"T\u0131r'lar, Karadan Denize Ta\u015f\u0131n\u0131yor | Talay Logistics","robots":{"index":"index","follow":"follow","max-snippet":"max-snippet:-1","max-image-preview":"max-image-preview:large","max-video-preview":"max-video-preview:-1"},"canonical":"https:\/\/talay.com\/en\/tirlar-karadan-denize-tasiniyor\/","og_locale":"en_US","og_type":"article","og_title":"T\u0131r'lar, Karadan Denize Ta\u015f\u0131n\u0131yor | Talay Logistics","og_description":"Talay Logistics Genel M\u00fcd\u00fcr\u00fc ve Y\u00f6netim Kurulu \u00dcyesi Yi\u011fit Alt\u0131parmak da vize ve s\u0131n\u0131r uygulamalar\u0131 nedeniyle Avrupa-T\u00fcrkiye aras\u0131ndaki karayolu ta\u015f\u0131malar\u0131n\u0131 b\u00fcy\u00fck \u00f6l\u00e7\u00fcde aksatt\u0131\u011f\u0131n\u0131 belirterek, konuyla ilgili \u015fu a\u00e7\u0131klamay\u0131 yapt\u0131: \u201cD\u0131\u015f ticarette teslimatlarda \u00f6nemli gecikmeler meydana gelince, ihracat\u00e7\u0131lar\u0131n ve ithalat\u00e7\u0131lar\u0131n en \u00f6nemli alternatif olarak g\u00f6rd\u00fckleri intermodal ta\u015f\u0131malara ilgisi de ciddi olarak artt\u0131. ayl\u0131k ta\u015f\u0131ma operasyonumuz ortalama [&hellip;]","og_url":"https:\/\/talay.com\/en\/tirlar-karadan-denize-tasiniyor\/","og_site_name":"Talay Logistics","article_publisher":"https:\/\/facebook.com\/talaylogistics","article_published_time":"2025-01-16T15:36:29+00:00","og_image":[{"url":"https:\/\/talay.com\/wp-content\/uploads\/2025\/01\/talay-YigitAltiparmak-1.jpg","type":"","width":"","height":""}],"author":"admin","twitter_card":"summary_large_image","twitter_creator":"@talaylogistics","twitter_site":"@talaylogistics","twitter_misc":{"Written by":"admin","Est. reading time":"1 minute"},"schema":{"@context":"https:\/\/schema.org","@graph":[{"@type":"Article","@id":"https:\/\/talay.com\/en\/tirlar-karadan-denize-tasiniyor\/#article","isPartOf":{"@id":"https:\/\/talay.com\/en\/tirlar-karadan-denize-tasiniyor\/"},"author":{"name":"admin","@id":"https:\/\/talay.com\/#\/schema\/person\/4ef66f7c0d09326cd8506089c5a9bea5"},"headline":"T\u0131r&#8217;lar, Karadan Denize Ta\u015f\u0131n\u0131yor","datePublished":"2025-01-16T15:36:29+00:00","mainEntityOfPage":{"@id":"https:\/\/talay.com\/en\/tirlar-karadan-denize-tasiniyor\/"},"wordCount":126,"publisher":{"@id":"https:\/\/talay.com\/#organization"},"image":{"@id":"https:\/\/talay.com\/en\/tirlar-karadan-denize-tasiniyor\/#primaryimage"},"thumbnailUrl":"https:\/\/talay.com\/wp-content\/uploads\/2025\/01\/talay-OnurTalay.jpg","articleSection":["News"],"inLanguage":"en-US"},{"@type":"WebPage","@id":"https:\/\/talay.com\/en\/tirlar-karadan-denize-tasiniyor\/","url":"https:\/\/talay.com\/en\/tirlar-karadan-denize-tasiniyor\/","name":"T\u0131r'lar, Karadan Denize Ta\u015f\u0131n\u0131yor | Talay Logistics","isPartOf":{"@id":"https:\/\/talay.com\/#website"},"primaryImageOfPage":{"@id":"https:\/\/talay.com\/en\/tirlar-karadan-denize-tasiniyor\/#primaryimage"},"image":{"@id":"https:\/\/talay.com\/en\/tirlar-karadan-denize-tasiniyor\/#primaryimage"},"thumbnailUrl":"https:\/\/talay.com\/wp-content\/uploads\/2025\/01\/talay-OnurTalay.jpg","datePublished":"2025-01-16T15:36:29+00:00","breadcrumb":{"@id":"https:\/\/talay.com\/en\/tirlar-karadan-denize-tasiniyor\/#breadcrumb"},"inLanguage":"en-US","potentialAction":[{"@type":"ReadAction","target":["https:\/\/talay.com\/en\/tirlar-karadan-denize-tasiniyor\/"]}]},{"@type":"ImageObject","inLanguage":"en-US","@id":"https:\/\/talay.com\/en\/tirlar-karadan-denize-tasiniyor\/#primaryimage","url":"https:\/\/talay.com\/wp-content\/uploads\/2025\/01\/talay-OnurTalay.jpg","contentUrl":"https:\/\/talay.com\/wp-content\/uploads\/2025\/01\/talay-OnurTalay.jpg","width":2160,"height":2160},{"@type":"BreadcrumbList","@id":"https:\/\/talay.com\/en\/tirlar-karadan-denize-tasiniyor\/#breadcrumb","itemListElement":[{"@type":"ListItem","position":1,"name":"Anasayfa","item":"https:\/\/talay.com\/en\/"},{"@type":"ListItem","position":2,"name":"T\u0131r&#8217;lar, Karadan Denize Ta\u015f\u0131n\u0131yor"}]},{"@type":"WebSite","@id":"https:\/\/talay.com\/#website","url":"https:\/\/talay.com\/","name":"Talay Logistics","description":"Entegre Ta\u015f\u0131mac\u0131l\u0131k \u00c7\u00f6z\u00fcmleri","publisher":{"@id":"https:\/\/talay.com\/#organization"},"potentialAction":[{"@type":"SearchAction","target":{"@type":"EntryPoint","urlTemplate":"https:\/\/talay.com\/?s={search_term_string}"},"query-input":{"@type":"PropertyValueSpecification","valueRequired":true,"valueName":"search_term_string"}}],"inLanguage":"en-US"},{"@type":"Organization","@id":"https:\/\/talay.com\/#organization","name":"Talay Logistics","url":"https:\/\/talay.com\/","logo":{"@type":"ImageObject","inLanguage":"en-US","@id":"https:\/\/talay.com\/#\/schema\/logo\/image\/","url":"https:\/\/talay.com\/wp-content\/uploads\/2024\/05\/talay-web-ikon.png","contentUrl":"https:\/\/talay.com\/wp-content\/uploads\/2024\/05\/talay-web-ikon.png","width":500,"height":500,"caption":"Talay Logistics"},"image":{"@id":"https:\/\/talay.com\/#\/schema\/logo\/image\/"},"sameAs":["https:\/\/facebook.com\/talaylogistics","https:\/\/x.com\/talaylogistics","https:\/\/linkedin.com\/company\/talaylogistics","https:\/\/instagram.com\/talay.logistics"]},{"@type":"Person","@id":"https:\/\/talay.com\/#\/schema\/person\/4ef66f7c0d09326cd8506089c5a9bea5","name":"admin","image":{"@type":"ImageObject","inLanguage":"en-US","@id":"https:\/\/talay.com\/#\/schema\/person\/image\/","url":"https:\/\/secure.gravatar.com\/avatar\/1ba460bdb360e968b6892a9005fe3958d361c6abce699d3ccb40a9271aec5fb6?s=96&d=mm&r=g","contentUrl":"https:\/\/secure.gravatar.com\/avatar\/1ba460bdb360e968b6892a9005fe3958d361c6abce699d3ccb40a9271aec5fb6?s=96&d=mm&r=g","caption":"admin"},"sameAs":["https:\/\/talay.com"]}]}},"_links":{"self":[{"href":"https:\/\/talay.com\/en\/wp-json\/wp\/v2\/posts\/5617","targetHints":{"allow":["GET"]}}],"collection":[{"href":"https:\/\/talay.com\/en\/wp-json\/wp\/v2\/posts"}],"about":[{"href":"https:\/\/talay.com\/en\/wp-json\/wp\/v2\/types\/post"}],"author":[{"embeddable":true,"href":"https:\/\/talay.com\/en\/wp-json\/wp\/v2\/users\/1"}],"replies":[{"embeddable":true,"href":"https:\/\/talay.com\/en\/wp-json\/wp\/v2\/comments?post=5617"}],"version-history":[{"count":0,"href":"https:\/\/talay.com\/en\/wp-json\/wp\/v2\/posts\/5617\/revisions"}],"wp:featuredmedia":[{"embeddable":true,"href":"https:\/\/talay.com\/en\/wp-json\/wp\/v2\/media\/4749"}],"wp:attachment":[{"href":"https:\/\/talay.com\/en\/wp-json\/wp\/v2\/media?parent=5617"}],"wp:term":[{"taxonomy":"category","embeddable":true,"href":"https:\/\/talay.com\/en\/wp-json\/wp\/v2\/categories?post=5617"},{"taxonomy":"post_tag","embeddable":true,"href":"https:\/\/talay.com\/en\/wp-json\/wp\/v2\/tags?post=5617"}],"curies":[{"name":"wp","href":"https:\/\/api.w.org\/{rel}","templated":true}]}}