{"id":5616,"date":"2025-01-16T18:40:24","date_gmt":"2025-01-16T15:40:24","guid":{"rendered":"https:\/\/talay.com\/sarp-intermodaldan-iki-yeni-depo-yatirimi\/"},"modified":"2025-01-16T18:40:24","modified_gmt":"2025-01-16T15:40:24","slug":"sarp-intermodaldan-iki-yeni-depo-yatirimi","status":"publish","type":"post","link":"https:\/\/talay.com\/en\/sarp-intermodaldan-iki-yeni-depo-yatirimi\/","title":{"rendered":"Talay Logistics&#8217;ten \u0130ki Yeni Depo Yat\u0131r\u0131m\u0131"},"content":{"rendered":"\t\t<div data-elementor-type=\"wp-post\" data-elementor-id=\"5616\" class=\"elementor elementor-5616 elementor-4770\" data-elementor-post-type=\"post\">\n\t\t\t\t<div class=\"elementor-element elementor-element-eb43b3e e-flex e-con-boxed e-con e-parent\" data-id=\"eb43b3e\" data-element_type=\"container\">\n\t\t\t\t\t<div class=\"e-con-inner\">\n\t\t\t\t<div class=\"elementor-element elementor-element-1967e62 elementor-widget elementor-widget-lqd-image\" data-id=\"1967e62\" data-element_type=\"widget\" data-widget_type=\"lqd-image.default\">\n\t\t\t\t<div class=\"elementor-widget-container\">\n\t\t\t\t\t\n\t\t<figure class=\"inline-block relative align-middle overflow-hidden lqd-transform-perspective transition-colors\" data-lqd-look-at-mouse data-lqd-hover3d-el>\n\n\t\t\t\n\t\t\t\t\n\t\t\t\t<img fetchpriority=\"high\" decoding=\"async\" width=\"2160\" height=\"2160\" src=\"https:\/\/talay.com\/wp-content\/uploads\/2025\/01\/talay-AyhanTurkmen-1.jpg\" class=\"attachment-full size-full wp-image-4828\" alt=\"\" srcset=\"https:\/\/talay.com\/wp-content\/uploads\/2025\/01\/talay-AyhanTurkmen-1.jpg 2160w, https:\/\/talay.com\/wp-content\/uploads\/2025\/01\/talay-AyhanTurkmen-1-300x300.jpg 300w, https:\/\/talay.com\/wp-content\/uploads\/2025\/01\/talay-AyhanTurkmen-1-1024x1024.jpg 1024w, https:\/\/talay.com\/wp-content\/uploads\/2025\/01\/talay-AyhanTurkmen-1-150x150.jpg 150w\" sizes=\"(max-width: 2160px) 100vw, 2160px\" \/>\n\t\t\t\t\n\t\t\t\t\n\t\t\t\t\n\t\t\t\n\t\t\t\n\t\t<\/figure>\n\n\t\t\t\t\t\t<\/div>\n\t\t\t\t<\/div>\n\t\t\t\t\t<\/div>\n\t\t\t\t<\/div>\n\t\t<div class=\"elementor-element elementor-element-5ec1de1 e-flex e-con-boxed e-con e-parent\" data-id=\"5ec1de1\" data-element_type=\"container\">\n\t\t\t\t\t<div class=\"e-con-inner\">\n\t\t\t\t<div class=\"elementor-element elementor-element-987e199 elementor-widget elementor-widget-text-editor\" data-id=\"987e199\" data-element_type=\"widget\" data-widget_type=\"text-editor.default\">\n\t\t\t\t<div class=\"elementor-widget-container\">\n\t\t\t\t\t\t\t\t\t<p><strong>TALAY LOGISTICS&#8217;TEN \u0130K\u0130 YEN\u0130 DEPO YATIRIMI<\/strong><\/p><p>Talay Logistics, Pendik\u2019te 10 bin, Gebze\u2019de 20 bin metrekare kapasiteli iki depo yat\u0131r\u0131m\u0131 ger\u00e7ekle\u015ftirdi.<\/p><p>Talay Logistics Kontrat Lojisti\u011fi Genel M\u00fcd\u00fcr\u00fc Ayhan T\u00fcrkmen, y\u00fcksek in\u015faat maliyetleri, gayrimenkul fiyatlar\u0131ndaki art\u0131\u015flar ve d\u00f6viz kurlar\u0131ndaki oynakl\u0131klara dikkati \u00e7ekti. Bu hususlar yat\u0131r\u0131mc\u0131lar\u0131n teredd\u00fctlerini art\u0131rd\u0131\u011f\u0131 i\u00e7in depo arz\u0131n\u0131n talebi kar\u015f\u0131lamakta zorland\u0131\u011f\u0131n\u0131 s\u00f6yleyen T\u00fcrkmen, &#8220;Hemen hemen t\u00fcm depo yat\u0131r\u0131mc\u0131lar\u0131, talebe g\u00f6re in\u015faat yapma e\u011filimindeler. Bu da hen\u00fcz depo in\u015faat\u0131n\u0131n ba\u015flang\u0131c\u0131nda, potansiyel kirac\u0131 ile s\u00f6zle\u015fme yaparak devam etmek anlam\u0131na geliyor. Dolay\u0131s\u0131yla kirac\u0131lar\u0131n da 1 y\u0131l ve \u00f6tesini \u00f6ng\u00f6rerek hareket etmeleri gerekiyor. U\u00e7tan uca hizmet stratejimiz kapsam\u0131nda depolama yat\u0131r\u0131m\u0131na b\u00fcy\u00fck \u00f6nem veriyoruz. Bu iki yeni depomuz, talepleri kar\u015f\u0131lamam\u0131zda kolayl\u0131k sa\u011flayacak.&#8221; diye konu\u015ftu.<\/p><p><strong>&#8220;Depolama maliyetleri d\u00f6viz baz\u0131nda y\u00fczde 20 artt\u0131&#8221;<\/strong><\/p><p>Kapasitenin azalmas\u0131 nedeniyle depolama metrekare maliyetlerinin d\u00f6viz baz\u0131nda ge\u00e7en y\u0131la g\u00f6re y\u00fczde 20\u2019den fazla artt\u0131\u011f\u0131na i\u015faret eden T\u00fcrkmen, &#8220;Kontrat Lojisti\u011fi operasyonlar\u0131m\u0131z i\u00e7in Pendik\u2019te Sabiha G\u00f6k\u00e7en Havaalan\u0131\u2019na \u00e7ok yak\u0131n konumdaki, 10 bin metrekare rafl\u0131 ilk depomuzu Aral\u0131k itibar\u0131yla devreye ald\u0131k. Gebze\u2019de TEM otoyoluna yak\u0131n lokasyondaki ikinci depomuz ise may\u0131s ay\u0131nda rafl\u0131 bir \u015fekilde operasyona haz\u0131r olacak. 23 bin paletlik bir kapasite ve mezanin (katl\u0131 raf) alanlar\u0131m\u0131zla bu depomuzda da m\u00fc\u015fterilerimize hizmet vermeye ba\u015flayaca\u011f\u0131z.&#8221; bilgilerini payla\u015ft\u0131.<\/p><p>Depo y\u00f6netim sistemi yaz\u0131l\u0131mlar\u0131yla m\u00fc\u015fteri sistemlerini entegre ettiklerini vurgulayan T\u00fcrkmen, bu sayede m\u00fc\u015fterilerinin stoklar\u0131n\u0131 ve sipari\u015f durumlar\u0131n\u0131 online olarak g\u00f6rebildiklerini s\u00f6yledi.<\/p><p>T\u00fcrkmen, bir\u00e7ok sekt\u00f6rden markaya hizmet verdiklerini anlatan T\u00fcrkmen, \u201cM\u00fc\u015fterilerimizin lojistik s\u00fcre\u00e7lerini katma de\u011ferli hizmetlerle y\u00f6netiyoruz\u201d dedi.<\/p>\t\t\t\t\t\t\t\t<\/div>\n\t\t\t\t<\/div>\n\t\t\t\t\t<\/div>\n\t\t\t\t<\/div>\n\t\t\t\t<\/div>\n\t\t","protected":false},"excerpt":{"rendered":"<p>TALAY LOGISTICS&#8217;TEN \u0130K\u0130 YEN\u0130 DEPO YATIRIMI Talay Logistics, Pendik\u2019te 10 bin, Gebze\u2019de 20 bin metrekare kapasiteli iki depo yat\u0131r\u0131m\u0131 ger\u00e7ekle\u015ftirdi. Talay Logistics Kontrat Lojisti\u011fi Genel M\u00fcd\u00fcr\u00fc Ayhan T\u00fcrkmen, y\u00fcksek in\u015faat maliyetleri, gayrimenkul fiyatlar\u0131ndaki art\u0131\u015flar ve d\u00f6viz kurlar\u0131ndaki oynakl\u0131klara dikkati \u00e7ekti. Bu hususlar yat\u0131r\u0131mc\u0131lar\u0131n teredd\u00fctlerini art\u0131rd\u0131\u011f\u0131 i\u00e7in depo arz\u0131n\u0131n talebi kar\u015f\u0131lamakta zorland\u0131\u011f\u0131n\u0131 s\u00f6yleyen T\u00fcrkmen, &#8220;Hemen hemen [&hellip;]<\/p>\n","protected":false},"author":1,"featured_media":4786,"comment_status":"closed","ping_status":"closed","sticky":false,"template":"","format":"standard","meta":{"footnotes":""},"categories":[39],"tags":[],"class_list":["post-5616","post","type-post","status-publish","format-standard","has-post-thumbnail","hentry","category-haber-en"],"yoast_head":"<!-- This site is optimized with the Yoast SEO plugin v26.7 - https:\/\/yoast.com\/wordpress\/plugins\/seo\/ -->\n<title>Talay Logistics&#039;ten \u0130ki Yeni Depo Yat\u0131r\u0131m\u0131 | Talay Logistics<\/title>\n<meta name=\"robots\" content=\"index, follow, max-snippet:-1, max-image-preview:large, max-video-preview:-1\" \/>\n<link rel=\"canonical\" href=\"https:\/\/talay.com\/en\/sarp-intermodaldan-iki-yeni-depo-yatirimi\/\" \/>\n<meta property=\"og:locale\" content=\"en_US\" \/>\n<meta property=\"og:type\" content=\"article\" \/>\n<meta property=\"og:title\" content=\"Talay Logistics&#039;ten \u0130ki Yeni Depo Yat\u0131r\u0131m\u0131 | Talay Logistics\" \/>\n<meta property=\"og:description\" content=\"TALAY LOGISTICS&#8217;TEN \u0130K\u0130 YEN\u0130 DEPO YATIRIMI Talay Logistics, Pendik\u2019te 10 bin, Gebze\u2019de 20 bin metrekare kapasiteli iki depo yat\u0131r\u0131m\u0131 ger\u00e7ekle\u015ftirdi. Talay Logistics Kontrat Lojisti\u011fi Genel M\u00fcd\u00fcr\u00fc Ayhan T\u00fcrkmen, y\u00fcksek in\u015faat maliyetleri, gayrimenkul fiyatlar\u0131ndaki art\u0131\u015flar ve d\u00f6viz kurlar\u0131ndaki oynakl\u0131klara dikkati \u00e7ekti. Bu hususlar yat\u0131r\u0131mc\u0131lar\u0131n teredd\u00fctlerini art\u0131rd\u0131\u011f\u0131 i\u00e7in depo arz\u0131n\u0131n talebi kar\u015f\u0131lamakta zorland\u0131\u011f\u0131n\u0131 s\u00f6yleyen T\u00fcrkmen, &#8220;Hemen hemen [&hellip;]\" \/>\n<meta property=\"og:url\" content=\"https:\/\/talay.com\/en\/sarp-intermodaldan-iki-yeni-depo-yatirimi\/\" \/>\n<meta property=\"og:site_name\" content=\"Talay Logistics\" \/>\n<meta property=\"article:publisher\" content=\"https:\/\/facebook.com\/talaylogistics\" \/>\n<meta property=\"article:published_time\" content=\"2025-01-16T15:40:24+00:00\" \/>\n<meta property=\"og:image\" content=\"https:\/\/talay.com\/wp-content\/uploads\/2025\/01\/talay-AyhanTurkmen-1.jpg\" \/>\n<meta name=\"author\" content=\"admin\" \/>\n<meta name=\"twitter:card\" content=\"summary_large_image\" \/>\n<meta name=\"twitter:creator\" content=\"@talaylogistics\" \/>\n<meta name=\"twitter:site\" content=\"@talaylogistics\" \/>\n<meta name=\"twitter:label1\" content=\"Written by\" \/>\n\t<meta name=\"twitter:data1\" content=\"admin\" \/>\n\t<meta name=\"twitter:label2\" content=\"Est. reading time\" \/>\n\t<meta name=\"twitter:data2\" content=\"2 minutes\" \/>\n<script type=\"application\/ld+json\" class=\"yoast-schema-graph\">{\"@context\":\"https:\/\/schema.org\",\"@graph\":[{\"@type\":\"Article\",\"@id\":\"https:\/\/talay.com\/en\/sarp-intermodaldan-iki-yeni-depo-yatirimi\/#article\",\"isPartOf\":{\"@id\":\"https:\/\/talay.com\/en\/sarp-intermodaldan-iki-yeni-depo-yatirimi\/\"},\"author\":{\"name\":\"admin\",\"@id\":\"https:\/\/talay.com\/#\/schema\/person\/4ef66f7c0d09326cd8506089c5a9bea5\"},\"headline\":\"Talay Logistics&#8217;ten \u0130ki Yeni Depo Yat\u0131r\u0131m\u0131\",\"datePublished\":\"2025-01-16T15:40:24+00:00\",\"mainEntityOfPage\":{\"@id\":\"https:\/\/talay.com\/en\/sarp-intermodaldan-iki-yeni-depo-yatirimi\/\"},\"wordCount\":351,\"publisher\":{\"@id\":\"https:\/\/talay.com\/#organization\"},\"image\":{\"@id\":\"https:\/\/talay.com\/en\/sarp-intermodaldan-iki-yeni-depo-yatirimi\/#primaryimage\"},\"thumbnailUrl\":\"https:\/\/talay.com\/wp-content\/uploads\/2025\/01\/talay-Depo.jpg\",\"articleSection\":[\"News\"],\"inLanguage\":\"en-US\"},{\"@type\":\"WebPage\",\"@id\":\"https:\/\/talay.com\/en\/sarp-intermodaldan-iki-yeni-depo-yatirimi\/\",\"url\":\"https:\/\/talay.com\/en\/sarp-intermodaldan-iki-yeni-depo-yatirimi\/\",\"name\":\"Talay Logistics'ten \u0130ki Yeni Depo Yat\u0131r\u0131m\u0131 | Talay Logistics\",\"isPartOf\":{\"@id\":\"https:\/\/talay.com\/#website\"},\"primaryImageOfPage\":{\"@id\":\"https:\/\/talay.com\/en\/sarp-intermodaldan-iki-yeni-depo-yatirimi\/#primaryimage\"},\"image\":{\"@id\":\"https:\/\/talay.com\/en\/sarp-intermodaldan-iki-yeni-depo-yatirimi\/#primaryimage\"},\"thumbnailUrl\":\"https:\/\/talay.com\/wp-content\/uploads\/2025\/01\/talay-Depo.jpg\",\"datePublished\":\"2025-01-16T15:40:24+00:00\",\"breadcrumb\":{\"@id\":\"https:\/\/talay.com\/en\/sarp-intermodaldan-iki-yeni-depo-yatirimi\/#breadcrumb\"},\"inLanguage\":\"en-US\",\"potentialAction\":[{\"@type\":\"ReadAction\",\"target\":[\"https:\/\/talay.com\/en\/sarp-intermodaldan-iki-yeni-depo-yatirimi\/\"]}]},{\"@type\":\"ImageObject\",\"inLanguage\":\"en-US\",\"@id\":\"https:\/\/talay.com\/en\/sarp-intermodaldan-iki-yeni-depo-yatirimi\/#primaryimage\",\"url\":\"https:\/\/talay.com\/wp-content\/uploads\/2025\/01\/talay-Depo.jpg\",\"contentUrl\":\"https:\/\/talay.com\/wp-content\/uploads\/2025\/01\/talay-Depo.jpg\",\"width\":2160,\"height\":2160},{\"@type\":\"BreadcrumbList\",\"@id\":\"https:\/\/talay.com\/en\/sarp-intermodaldan-iki-yeni-depo-yatirimi\/#breadcrumb\",\"itemListElement\":[{\"@type\":\"ListItem\",\"position\":1,\"name\":\"Anasayfa\",\"item\":\"https:\/\/talay.com\/en\/\"},{\"@type\":\"ListItem\",\"position\":2,\"name\":\"Talay Logistics&#8217;ten \u0130ki Yeni Depo Yat\u0131r\u0131m\u0131\"}]},{\"@type\":\"WebSite\",\"@id\":\"https:\/\/talay.com\/#website\",\"url\":\"https:\/\/talay.com\/\",\"name\":\"Talay Logistics\",\"description\":\"Entegre Ta\u015f\u0131mac\u0131l\u0131k \u00c7\u00f6z\u00fcmleri\",\"publisher\":{\"@id\":\"https:\/\/talay.com\/#organization\"},\"potentialAction\":[{\"@type\":\"SearchAction\",\"target\":{\"@type\":\"EntryPoint\",\"urlTemplate\":\"https:\/\/talay.com\/?s={search_term_string}\"},\"query-input\":{\"@type\":\"PropertyValueSpecification\",\"valueRequired\":true,\"valueName\":\"search_term_string\"}}],\"inLanguage\":\"en-US\"},{\"@type\":\"Organization\",\"@id\":\"https:\/\/talay.com\/#organization\",\"name\":\"Talay Logistics\",\"url\":\"https:\/\/talay.com\/\",\"logo\":{\"@type\":\"ImageObject\",\"inLanguage\":\"en-US\",\"@id\":\"https:\/\/talay.com\/#\/schema\/logo\/image\/\",\"url\":\"https:\/\/talay.com\/wp-content\/uploads\/2024\/05\/talay-web-ikon.png\",\"contentUrl\":\"https:\/\/talay.com\/wp-content\/uploads\/2024\/05\/talay-web-ikon.png\",\"width\":500,\"height\":500,\"caption\":\"Talay Logistics\"},\"image\":{\"@id\":\"https:\/\/talay.com\/#\/schema\/logo\/image\/\"},\"sameAs\":[\"https:\/\/facebook.com\/talaylogistics\",\"https:\/\/x.com\/talaylogistics\",\"https:\/\/linkedin.com\/company\/talaylogistics\",\"https:\/\/instagram.com\/talay.logistics\"]},{\"@type\":\"Person\",\"@id\":\"https:\/\/talay.com\/#\/schema\/person\/4ef66f7c0d09326cd8506089c5a9bea5\",\"name\":\"admin\",\"image\":{\"@type\":\"ImageObject\",\"inLanguage\":\"en-US\",\"@id\":\"https:\/\/talay.com\/#\/schema\/person\/image\/\",\"url\":\"https:\/\/secure.gravatar.com\/avatar\/1ba460bdb360e968b6892a9005fe3958d361c6abce699d3ccb40a9271aec5fb6?s=96&d=mm&r=g\",\"contentUrl\":\"https:\/\/secure.gravatar.com\/avatar\/1ba460bdb360e968b6892a9005fe3958d361c6abce699d3ccb40a9271aec5fb6?s=96&d=mm&r=g\",\"caption\":\"admin\"},\"sameAs\":[\"https:\/\/talay.com\"]}]}<\/script>\n<!-- \/ Yoast SEO plugin. -->","yoast_head_json":{"title":"Talay Logistics'ten \u0130ki Yeni Depo Yat\u0131r\u0131m\u0131 | Talay Logistics","robots":{"index":"index","follow":"follow","max-snippet":"max-snippet:-1","max-image-preview":"max-image-preview:large","max-video-preview":"max-video-preview:-1"},"canonical":"https:\/\/talay.com\/en\/sarp-intermodaldan-iki-yeni-depo-yatirimi\/","og_locale":"en_US","og_type":"article","og_title":"Talay Logistics'ten \u0130ki Yeni Depo Yat\u0131r\u0131m\u0131 | Talay Logistics","og_description":"TALAY LOGISTICS&#8217;TEN \u0130K\u0130 YEN\u0130 DEPO YATIRIMI Talay Logistics, Pendik\u2019te 10 bin, Gebze\u2019de 20 bin metrekare kapasiteli iki depo yat\u0131r\u0131m\u0131 ger\u00e7ekle\u015ftirdi. Talay Logistics Kontrat Lojisti\u011fi Genel M\u00fcd\u00fcr\u00fc Ayhan T\u00fcrkmen, y\u00fcksek in\u015faat maliyetleri, gayrimenkul fiyatlar\u0131ndaki art\u0131\u015flar ve d\u00f6viz kurlar\u0131ndaki oynakl\u0131klara dikkati \u00e7ekti. Bu hususlar yat\u0131r\u0131mc\u0131lar\u0131n teredd\u00fctlerini art\u0131rd\u0131\u011f\u0131 i\u00e7in depo arz\u0131n\u0131n talebi kar\u015f\u0131lamakta zorland\u0131\u011f\u0131n\u0131 s\u00f6yleyen T\u00fcrkmen, &#8220;Hemen hemen [&hellip;]","og_url":"https:\/\/talay.com\/en\/sarp-intermodaldan-iki-yeni-depo-yatirimi\/","og_site_name":"Talay Logistics","article_publisher":"https:\/\/facebook.com\/talaylogistics","article_published_time":"2025-01-16T15:40:24+00:00","og_image":[{"url":"https:\/\/talay.com\/wp-content\/uploads\/2025\/01\/talay-AyhanTurkmen-1.jpg","type":"","width":"","height":""}],"author":"admin","twitter_card":"summary_large_image","twitter_creator":"@talaylogistics","twitter_site":"@talaylogistics","twitter_misc":{"Written by":"admin","Est. reading time":"2 minutes"},"schema":{"@context":"https:\/\/schema.org","@graph":[{"@type":"Article","@id":"https:\/\/talay.com\/en\/sarp-intermodaldan-iki-yeni-depo-yatirimi\/#article","isPartOf":{"@id":"https:\/\/talay.com\/en\/sarp-intermodaldan-iki-yeni-depo-yatirimi\/"},"author":{"name":"admin","@id":"https:\/\/talay.com\/#\/schema\/person\/4ef66f7c0d09326cd8506089c5a9bea5"},"headline":"Talay Logistics&#8217;ten \u0130ki Yeni Depo Yat\u0131r\u0131m\u0131","datePublished":"2025-01-16T15:40:24+00:00","mainEntityOfPage":{"@id":"https:\/\/talay.com\/en\/sarp-intermodaldan-iki-yeni-depo-yatirimi\/"},"wordCount":351,"publisher":{"@id":"https:\/\/talay.com\/#organization"},"image":{"@id":"https:\/\/talay.com\/en\/sarp-intermodaldan-iki-yeni-depo-yatirimi\/#primaryimage"},"thumbnailUrl":"https:\/\/talay.com\/wp-content\/uploads\/2025\/01\/talay-Depo.jpg","articleSection":["News"],"inLanguage":"en-US"},{"@type":"WebPage","@id":"https:\/\/talay.com\/en\/sarp-intermodaldan-iki-yeni-depo-yatirimi\/","url":"https:\/\/talay.com\/en\/sarp-intermodaldan-iki-yeni-depo-yatirimi\/","name":"Talay Logistics'ten \u0130ki Yeni Depo Yat\u0131r\u0131m\u0131 | Talay Logistics","isPartOf":{"@id":"https:\/\/talay.com\/#website"},"primaryImageOfPage":{"@id":"https:\/\/talay.com\/en\/sarp-intermodaldan-iki-yeni-depo-yatirimi\/#primaryimage"},"image":{"@id":"https:\/\/talay.com\/en\/sarp-intermodaldan-iki-yeni-depo-yatirimi\/#primaryimage"},"thumbnailUrl":"https:\/\/talay.com\/wp-content\/uploads\/2025\/01\/talay-Depo.jpg","datePublished":"2025-01-16T15:40:24+00:00","breadcrumb":{"@id":"https:\/\/talay.com\/en\/sarp-intermodaldan-iki-yeni-depo-yatirimi\/#breadcrumb"},"inLanguage":"en-US","potentialAction":[{"@type":"ReadAction","target":["https:\/\/talay.com\/en\/sarp-intermodaldan-iki-yeni-depo-yatirimi\/"]}]},{"@type":"ImageObject","inLanguage":"en-US","@id":"https:\/\/talay.com\/en\/sarp-intermodaldan-iki-yeni-depo-yatirimi\/#primaryimage","url":"https:\/\/talay.com\/wp-content\/uploads\/2025\/01\/talay-Depo.jpg","contentUrl":"https:\/\/talay.com\/wp-content\/uploads\/2025\/01\/talay-Depo.jpg","width":2160,"height":2160},{"@type":"BreadcrumbList","@id":"https:\/\/talay.com\/en\/sarp-intermodaldan-iki-yeni-depo-yatirimi\/#breadcrumb","itemListElement":[{"@type":"ListItem","position":1,"name":"Anasayfa","item":"https:\/\/talay.com\/en\/"},{"@type":"ListItem","position":2,"name":"Talay Logistics&#8217;ten \u0130ki Yeni Depo Yat\u0131r\u0131m\u0131"}]},{"@type":"WebSite","@id":"https:\/\/talay.com\/#website","url":"https:\/\/talay.com\/","name":"Talay Logistics","description":"Entegre Ta\u015f\u0131mac\u0131l\u0131k \u00c7\u00f6z\u00fcmleri","publisher":{"@id":"https:\/\/talay.com\/#organization"},"potentialAction":[{"@type":"SearchAction","target":{"@type":"EntryPoint","urlTemplate":"https:\/\/talay.com\/?s={search_term_string}"},"query-input":{"@type":"PropertyValueSpecification","valueRequired":true,"valueName":"search_term_string"}}],"inLanguage":"en-US"},{"@type":"Organization","@id":"https:\/\/talay.com\/#organization","name":"Talay Logistics","url":"https:\/\/talay.com\/","logo":{"@type":"ImageObject","inLanguage":"en-US","@id":"https:\/\/talay.com\/#\/schema\/logo\/image\/","url":"https:\/\/talay.com\/wp-content\/uploads\/2024\/05\/talay-web-ikon.png","contentUrl":"https:\/\/talay.com\/wp-content\/uploads\/2024\/05\/talay-web-ikon.png","width":500,"height":500,"caption":"Talay Logistics"},"image":{"@id":"https:\/\/talay.com\/#\/schema\/logo\/image\/"},"sameAs":["https:\/\/facebook.com\/talaylogistics","https:\/\/x.com\/talaylogistics","https:\/\/linkedin.com\/company\/talaylogistics","https:\/\/instagram.com\/talay.logistics"]},{"@type":"Person","@id":"https:\/\/talay.com\/#\/schema\/person\/4ef66f7c0d09326cd8506089c5a9bea5","name":"admin","image":{"@type":"ImageObject","inLanguage":"en-US","@id":"https:\/\/talay.com\/#\/schema\/person\/image\/","url":"https:\/\/secure.gravatar.com\/avatar\/1ba460bdb360e968b6892a9005fe3958d361c6abce699d3ccb40a9271aec5fb6?s=96&d=mm&r=g","contentUrl":"https:\/\/secure.gravatar.com\/avatar\/1ba460bdb360e968b6892a9005fe3958d361c6abce699d3ccb40a9271aec5fb6?s=96&d=mm&r=g","caption":"admin"},"sameAs":["https:\/\/talay.com"]}]}},"_links":{"self":[{"href":"https:\/\/talay.com\/en\/wp-json\/wp\/v2\/posts\/5616","targetHints":{"allow":["GET"]}}],"collection":[{"href":"https:\/\/talay.com\/en\/wp-json\/wp\/v2\/posts"}],"about":[{"href":"https:\/\/talay.com\/en\/wp-json\/wp\/v2\/types\/post"}],"author":[{"embeddable":true,"href":"https:\/\/talay.com\/en\/wp-json\/wp\/v2\/users\/1"}],"replies":[{"embeddable":true,"href":"https:\/\/talay.com\/en\/wp-json\/wp\/v2\/comments?post=5616"}],"version-history":[{"count":0,"href":"https:\/\/talay.com\/en\/wp-json\/wp\/v2\/posts\/5616\/revisions"}],"wp:featuredmedia":[{"embeddable":true,"href":"https:\/\/talay.com\/en\/wp-json\/wp\/v2\/media\/4786"}],"wp:attachment":[{"href":"https:\/\/talay.com\/en\/wp-json\/wp\/v2\/media?parent=5616"}],"wp:term":[{"taxonomy":"category","embeddable":true,"href":"https:\/\/talay.com\/en\/wp-json\/wp\/v2\/categories?post=5616"},{"taxonomy":"post_tag","embeddable":true,"href":"https:\/\/talay.com\/en\/wp-json\/wp\/v2\/tags?post=5616"}],"curies":[{"name":"wp","href":"https:\/\/api.w.org\/{rel}","templated":true}]}}