{"id":5615,"date":"2025-01-16T18:44:51","date_gmt":"2025-01-16T15:44:51","guid":{"rendered":"https:\/\/talay.com\/a-yatirimin-da-yildizi-oldu\/"},"modified":"2025-01-16T18:44:51","modified_gmt":"2025-01-16T15:44:51","slug":"a-yatirimin-da-yildizi-oldu","status":"publish","type":"post","link":"https:\/\/talay.com\/en\/a-yatirimin-da-yildizi-oldu\/","title":{"rendered":"A Yat\u0131r\u0131m\u0131n da Y\u0131ld\u0131z\u0131 Oldu"},"content":{"rendered":"\t\t<div data-elementor-type=\"wp-post\" data-elementor-id=\"5615\" class=\"elementor elementor-5615 elementor-4768\" data-elementor-post-type=\"post\">\n\t\t\t\t<div class=\"elementor-element elementor-element-eb43b3e e-flex e-con-boxed e-con e-parent\" data-id=\"eb43b3e\" data-element_type=\"container\">\n\t\t\t\t\t<div class=\"e-con-inner\">\n\t\t\t\t<div class=\"elementor-element elementor-element-1967e62 elementor-widget elementor-widget-lqd-image\" data-id=\"1967e62\" data-element_type=\"widget\" data-widget_type=\"lqd-image.default\">\n\t\t\t\t<div class=\"elementor-widget-container\">\n\t\t\t\t\t\n\t\t<figure class=\"inline-block relative align-middle overflow-hidden lqd-transform-perspective transition-colors\" data-lqd-look-at-mouse data-lqd-hover3d-el>\n\n\t\t\t\n\t\t\t\t\n\t\t\t\t<img fetchpriority=\"high\" decoding=\"async\" width=\"2160\" height=\"2160\" src=\"https:\/\/talay.com\/wp-content\/uploads\/2025\/01\/talay-OnurTalay-3.jpg\" class=\"attachment-full size-full wp-image-4845\" alt=\"\" srcset=\"https:\/\/talay.com\/wp-content\/uploads\/2025\/01\/talay-OnurTalay-3.jpg 2160w, https:\/\/talay.com\/wp-content\/uploads\/2025\/01\/talay-OnurTalay-3-300x300.jpg 300w, https:\/\/talay.com\/wp-content\/uploads\/2025\/01\/talay-OnurTalay-3-1024x1024.jpg 1024w, https:\/\/talay.com\/wp-content\/uploads\/2025\/01\/talay-OnurTalay-3-150x150.jpg 150w\" sizes=\"(max-width: 2160px) 100vw, 2160px\" \/>\n\t\t\t\t\n\t\t\t\t\n\t\t\t\t\n\t\t\t\n\t\t\t\n\t\t<\/figure>\n\n\t\t\t\t\t\t<\/div>\n\t\t\t\t<\/div>\n\t\t\t\t\t<\/div>\n\t\t\t\t<\/div>\n\t\t<div class=\"elementor-element elementor-element-5ec1de1 e-flex e-con-boxed e-con e-parent\" data-id=\"5ec1de1\" data-element_type=\"container\">\n\t\t\t\t\t<div class=\"e-con-inner\">\n\t\t\t\t<div class=\"elementor-element elementor-element-987e199 elementor-widget elementor-widget-text-editor\" data-id=\"987e199\" data-element_type=\"widget\" data-widget_type=\"text-editor.default\">\n\t\t\t\t<div class=\"elementor-widget-container\">\n\t\t\t\t\t\t\t\t\t<h4 class=\"wp-block-heading\">T\u00fcrkiye\u2019nin son 10 y\u0131lda en h\u0131zl\u0131 b\u00fcy\u00fcyen lojistik \u015firketlerinden Talay Logistics, Cumhuriyet\u2019in 100. y\u0131l\u0131nda yat\u0131r\u0131mlar\u0131n\u0131 art\u0131rd\u0131. \u015eirket, 2023\u2019te yakla\u015f\u0131k 900 milyon lira tutar\u0131nda ara\u00e7, ekipman ve ye\u015fil lojistik yat\u0131r\u0131m\u0131 ger\u00e7ekle\u015ftirdi. Talay Logistics CEO\u2019su Onur Talay, \u201c2023\u2019te 100 \u00e7ekici, 300\u2019den fazla dorse, konteyner ve swap-body sat\u0131n ald\u0131k. 2024 y\u0131l\u0131nda da dikkat \u00e7ekici yat\u0131r\u0131mlar ger\u00e7ekle\u015ftirece\u011fiz.\u201d dedi<\/h4><p>B\u00fcy\u00fcmenin ve lojistik hizmet ihracat\u0131n\u0131n y\u0131ld\u0131zlar\u0131ndan Talay Logistics, bu y\u0131l sekt\u00f6r\u00fcnde yat\u0131r\u0131m\u0131n da y\u0131ld\u0131z\u0131 oldu. K\u00fcresel durgunlu\u011fa ra\u011fmen 2023\u2019te de yat\u0131r\u0131mlar\u0131n\u0131 s\u00fcrd\u00fcren \u015firketin CEO\u2019su Onur Talay, \u00f6zmal ara\u00e7 ve ekipman filo b\u00fcy\u00fckl\u00fcklerini 5 binin \u00fczerine ta\u015f\u0131d\u0131klar\u0131n\u0131 s\u00f6yledi.<\/p><p><strong>100. y\u0131lda filoya 100 yeni \u00e7ekici kat\u0131ld\u0131<\/strong><\/p><p>Onur Talay, \u201cCumhuriyetimizin 100. y\u0131l\u0131nda yakla\u015f\u0131k 900 milyon lira yat\u0131r\u0131m yapt\u0131k. Hem yurt i\u00e7inde hem yurt d\u0131\u015f\u0131nda yat\u0131r\u0131mlar\u0131m\u0131za devam ettik. 100 \u00e7ekici, 300\u2019den fazla dorse, konteyner ve swap-body sat\u0131n ald\u0131k. Yat\u0131r\u0131m\u0131n\u0131 2022\u2019de ger\u00e7ekle\u015ftirdi\u011fimiz konteynerlerimizin bir k\u0131sm\u0131n\u0131 bu y\u0131l teslim ald\u0131k. \u00c7al\u0131\u015fma arkada\u015flar\u0131m\u0131z\u0131n say\u0131s\u0131 da 650\u2019yi a\u015ft\u0131.\u201d diye konu\u015ftu. Talay, bu y\u0131l\u0131 intermodal, kara, deniz ve hava yolu ta\u015f\u0131malar\u0131 olmak \u00fczere 80 bin civar\u0131nda ta\u015f\u0131ma operasyonuyla kapatmay\u0131 hedeflediklerini s\u00f6yledi.<\/p><p><strong>\u0130lk elektrikli \u00e7ekiciyi ald\u0131k, enerjimizi g\u00fcne\u015ften sa\u011flad\u0131k<\/strong><\/p><p>T\u00fcrkiye\u2019nin ilk %100 elektrikli \u00e7ekicisini filolar\u0131na dahil ettiklerini an\u0131msatan Talay, arac\u0131n \u015fimdiden 25.000 km yol kat etti\u011fini a\u00e7\u0131klad\u0131. Yak\u0131n zamanda T\u00fcrkiye\u2019nin ilk elektrikli treyler yat\u0131r\u0131m\u0131n\u0131 da ger\u00e7ekle\u015ftireceklerini s\u00f6yleyen Talay, s\u00fcrd\u00fcr\u00fclebilir odakl\u0131 yat\u0131r\u0131mlar\u0131n sadece ara\u00e7 ile s\u0131n\u0131rl\u0131 olmad\u0131\u011f\u0131n\u0131 vurgulayarak; \u015firket merkezlerinde ve \u015eekerp\u0131nar tesislerinde g\u00fcne\u015f enerjisi yat\u0131r\u0131m\u0131 ger\u00e7ekle\u015ftirdiklerini, ara\u00e7 \u015farj\u0131 i\u00e7in bu enerjiden faydaland\u0131klar\u0131n\u0131n anlatt\u0131.<\/p><p>S\u00fcrd\u00fcr\u00fclebilirlik ve ihracat ekseninde Avrupa Ye\u015fil Mutabakat\u0131\u2019na da vurgu yapan Talay, \u015funlar\u0131 da kaydetti: \u201cT\u00fcrkiye\u2019nin ilk Ye\u015fil Lojistik Belgesi alan firmalar\u0131ndan biri olarak intermodal ve ye\u015fil lojistik yat\u0131r\u0131mlar\u0131na odakland\u0131k. Bu y\u0131l intermodal ta\u015f\u0131malar\u0131m\u0131z sayesinde kara yoluna g\u00f6re yakla\u015f\u0131k 80 bin tonluk karbon sal\u0131m\u0131n\u0131n \u00f6n\u00fcne ge\u00e7tik, 180 milyon kilovatsaat enerji ve 30 milyon litre dizel tasarrufu sa\u011flad\u0131k.\u201d<\/p><p><strong>Teknoloji, insan kayna\u011f\u0131 ve tesis yat\u0131r\u0131mlar\u0131 s\u00fcrecek<\/strong><\/p><p>Talay, T\u00fcrkiye\u2019de \u0130zmir, \u00c7atalca ve Yalova\u2019da tesis yat\u0131r\u0131mlar\u0131 ger\u00e7ekle\u015ftirdiklerini, Fransa ve Romanya\u2019da \u015firket a\u00e7t\u0131klar\u0131n\u0131, Almanya, \u0130talya, Bulgaristan\u2019daki i\u015ftiraklerinde yapt\u0131klar\u0131 yat\u0131r\u0131mlarla da k\u00fcreselle\u015fme yolunda \u00f6nemli ad\u0131mlar att\u0131klar\u0131n\u0131 vurgulad\u0131.<\/p><p>2024 y\u0131l\u0131nda yat\u0131r\u0131mlara devam edeceklerini ifade eden Talay, grup \u015firketleri TAL Trailer ile kendi ekipmanlar\u0131n\u0131n bir b\u00f6l\u00fcm\u00fcn\u00fc \u00fcretme becerisine eri\u015febileceklerini, Talay Customs ile g\u00fcmr\u00fckleme hizmetleri de sunacaklar\u0131n\u0131, operasyon, muhasebe ve finans sistemlerini de kendi geli\u015ftirdikleri yaz\u0131l\u0131m \u00fczerinden takip edeceklerini a\u00e7\u0131klad\u0131. Kontrat lojisti\u011fi hizmetleri kapsam\u0131nda Gebze\u2019de \u00f6nemli bir depo yat\u0131r\u0131m\u0131 yapt\u0131klar\u0131n\u0131 da belirten Talay, deponun May\u0131s ay\u0131nda faaliyete ge\u00e7ece\u011fini s\u00f6zlerine ekledi.<\/p>\t\t\t\t\t\t\t\t<\/div>\n\t\t\t\t<\/div>\n\t\t\t\t\t<\/div>\n\t\t\t\t<\/div>\n\t\t\t\t<\/div>\n\t\t","protected":false},"excerpt":{"rendered":"<p>T\u00fcrkiye\u2019nin son 10 y\u0131lda en h\u0131zl\u0131 b\u00fcy\u00fcyen lojistik \u015firketlerinden Talay Logistics, Cumhuriyet\u2019in 100. y\u0131l\u0131nda yat\u0131r\u0131mlar\u0131n\u0131 art\u0131rd\u0131. \u015eirket, 2023\u2019te yakla\u015f\u0131k 900 milyon lira tutar\u0131nda ara\u00e7, ekipman ve ye\u015fil lojistik yat\u0131r\u0131m\u0131 ger\u00e7ekle\u015ftirdi. Talay Logistics CEO\u2019su Onur Talay, \u201c2023\u2019te 100 \u00e7ekici, 300\u2019den fazla dorse, konteyner ve swap-body sat\u0131n ald\u0131k. 2024 y\u0131l\u0131nda da dikkat \u00e7ekici yat\u0131r\u0131mlar ger\u00e7ekle\u015ftirece\u011fiz.\u201d dedi B\u00fcy\u00fcmenin [&hellip;]<\/p>\n","protected":false},"author":1,"featured_media":4846,"comment_status":"closed","ping_status":"closed","sticky":false,"template":"","format":"standard","meta":{"footnotes":""},"categories":[39],"tags":[],"class_list":["post-5615","post","type-post","status-publish","format-standard","has-post-thumbnail","hentry","category-haber-en"],"yoast_head":"<!-- This site is optimized with the Yoast SEO plugin v26.7 - https:\/\/yoast.com\/wordpress\/plugins\/seo\/ -->\n<title>A Yat\u0131r\u0131m\u0131n da Y\u0131ld\u0131z\u0131 Oldu | Talay Logistics<\/title>\n<meta name=\"robots\" content=\"index, follow, max-snippet:-1, max-image-preview:large, max-video-preview:-1\" \/>\n<link rel=\"canonical\" href=\"https:\/\/talay.com\/en\/a-yatirimin-da-yildizi-oldu\/\" \/>\n<meta property=\"og:locale\" content=\"en_US\" \/>\n<meta property=\"og:type\" content=\"article\" \/>\n<meta property=\"og:title\" content=\"A Yat\u0131r\u0131m\u0131n da Y\u0131ld\u0131z\u0131 Oldu | Talay Logistics\" \/>\n<meta property=\"og:description\" content=\"T\u00fcrkiye\u2019nin son 10 y\u0131lda en h\u0131zl\u0131 b\u00fcy\u00fcyen lojistik \u015firketlerinden Talay Logistics, Cumhuriyet\u2019in 100. y\u0131l\u0131nda yat\u0131r\u0131mlar\u0131n\u0131 art\u0131rd\u0131. \u015eirket, 2023\u2019te yakla\u015f\u0131k 900 milyon lira tutar\u0131nda ara\u00e7, ekipman ve ye\u015fil lojistik yat\u0131r\u0131m\u0131 ger\u00e7ekle\u015ftirdi. Talay Logistics CEO\u2019su Onur Talay, \u201c2023\u2019te 100 \u00e7ekici, 300\u2019den fazla dorse, konteyner ve swap-body sat\u0131n ald\u0131k. 2024 y\u0131l\u0131nda da dikkat \u00e7ekici yat\u0131r\u0131mlar ger\u00e7ekle\u015ftirece\u011fiz.\u201d dedi B\u00fcy\u00fcmenin [&hellip;]\" \/>\n<meta property=\"og:url\" content=\"https:\/\/talay.com\/en\/a-yatirimin-da-yildizi-oldu\/\" \/>\n<meta property=\"og:site_name\" content=\"Talay Logistics\" \/>\n<meta property=\"article:publisher\" content=\"https:\/\/facebook.com\/talaylogistics\" \/>\n<meta property=\"article:published_time\" content=\"2025-01-16T15:44:51+00:00\" \/>\n<meta property=\"og:image\" content=\"https:\/\/talay.com\/wp-content\/uploads\/2025\/01\/talay-OnurTalay-3.jpg\" \/>\n<meta name=\"author\" content=\"admin\" \/>\n<meta name=\"twitter:card\" content=\"summary_large_image\" \/>\n<meta name=\"twitter:creator\" content=\"@talaylogistics\" \/>\n<meta name=\"twitter:site\" content=\"@talaylogistics\" \/>\n<meta name=\"twitter:label1\" content=\"Written by\" \/>\n\t<meta name=\"twitter:data1\" content=\"admin\" \/>\n\t<meta name=\"twitter:label2\" content=\"Est. reading time\" \/>\n\t<meta name=\"twitter:data2\" content=\"3 minutes\" \/>\n<script type=\"application\/ld+json\" class=\"yoast-schema-graph\">{\"@context\":\"https:\/\/schema.org\",\"@graph\":[{\"@type\":\"Article\",\"@id\":\"https:\/\/talay.com\/en\/a-yatirimin-da-yildizi-oldu\/#article\",\"isPartOf\":{\"@id\":\"https:\/\/talay.com\/en\/a-yatirimin-da-yildizi-oldu\/\"},\"author\":{\"name\":\"admin\",\"@id\":\"https:\/\/talay.com\/#\/schema\/person\/4ef66f7c0d09326cd8506089c5a9bea5\"},\"headline\":\"A Yat\u0131r\u0131m\u0131n da Y\u0131ld\u0131z\u0131 Oldu\",\"datePublished\":\"2025-01-16T15:44:51+00:00\",\"mainEntityOfPage\":{\"@id\":\"https:\/\/talay.com\/en\/a-yatirimin-da-yildizi-oldu\/\"},\"wordCount\":589,\"publisher\":{\"@id\":\"https:\/\/talay.com\/#organization\"},\"image\":{\"@id\":\"https:\/\/talay.com\/en\/a-yatirimin-da-yildizi-oldu\/#primaryimage\"},\"thumbnailUrl\":\"https:\/\/talay.com\/wp-content\/uploads\/2025\/01\/talay-OnurTalay-3.jpg\",\"articleSection\":[\"News\"],\"inLanguage\":\"en-US\"},{\"@type\":\"WebPage\",\"@id\":\"https:\/\/talay.com\/en\/a-yatirimin-da-yildizi-oldu\/\",\"url\":\"https:\/\/talay.com\/en\/a-yatirimin-da-yildizi-oldu\/\",\"name\":\"A Yat\u0131r\u0131m\u0131n da Y\u0131ld\u0131z\u0131 Oldu | Talay Logistics\",\"isPartOf\":{\"@id\":\"https:\/\/talay.com\/#website\"},\"primaryImageOfPage\":{\"@id\":\"https:\/\/talay.com\/en\/a-yatirimin-da-yildizi-oldu\/#primaryimage\"},\"image\":{\"@id\":\"https:\/\/talay.com\/en\/a-yatirimin-da-yildizi-oldu\/#primaryimage\"},\"thumbnailUrl\":\"https:\/\/talay.com\/wp-content\/uploads\/2025\/01\/talay-OnurTalay-3.jpg\",\"datePublished\":\"2025-01-16T15:44:51+00:00\",\"breadcrumb\":{\"@id\":\"https:\/\/talay.com\/en\/a-yatirimin-da-yildizi-oldu\/#breadcrumb\"},\"inLanguage\":\"en-US\",\"potentialAction\":[{\"@type\":\"ReadAction\",\"target\":[\"https:\/\/talay.com\/en\/a-yatirimin-da-yildizi-oldu\/\"]}]},{\"@type\":\"ImageObject\",\"inLanguage\":\"en-US\",\"@id\":\"https:\/\/talay.com\/en\/a-yatirimin-da-yildizi-oldu\/#primaryimage\",\"url\":\"https:\/\/talay.com\/wp-content\/uploads\/2025\/01\/talay-OnurTalay-3.jpg\",\"contentUrl\":\"https:\/\/talay.com\/wp-content\/uploads\/2025\/01\/talay-OnurTalay-3.jpg\",\"width\":2160,\"height\":2160},{\"@type\":\"BreadcrumbList\",\"@id\":\"https:\/\/talay.com\/en\/a-yatirimin-da-yildizi-oldu\/#breadcrumb\",\"itemListElement\":[{\"@type\":\"ListItem\",\"position\":1,\"name\":\"Anasayfa\",\"item\":\"https:\/\/talay.com\/en\/\"},{\"@type\":\"ListItem\",\"position\":2,\"name\":\"A Yat\u0131r\u0131m\u0131n da Y\u0131ld\u0131z\u0131 Oldu\"}]},{\"@type\":\"WebSite\",\"@id\":\"https:\/\/talay.com\/#website\",\"url\":\"https:\/\/talay.com\/\",\"name\":\"Talay Logistics\",\"description\":\"Entegre Ta\u015f\u0131mac\u0131l\u0131k \u00c7\u00f6z\u00fcmleri\",\"publisher\":{\"@id\":\"https:\/\/talay.com\/#organization\"},\"potentialAction\":[{\"@type\":\"SearchAction\",\"target\":{\"@type\":\"EntryPoint\",\"urlTemplate\":\"https:\/\/talay.com\/?s={search_term_string}\"},\"query-input\":{\"@type\":\"PropertyValueSpecification\",\"valueRequired\":true,\"valueName\":\"search_term_string\"}}],\"inLanguage\":\"en-US\"},{\"@type\":\"Organization\",\"@id\":\"https:\/\/talay.com\/#organization\",\"name\":\"Talay Logistics\",\"url\":\"https:\/\/talay.com\/\",\"logo\":{\"@type\":\"ImageObject\",\"inLanguage\":\"en-US\",\"@id\":\"https:\/\/talay.com\/#\/schema\/logo\/image\/\",\"url\":\"https:\/\/talay.com\/wp-content\/uploads\/2024\/05\/talay-web-ikon.png\",\"contentUrl\":\"https:\/\/talay.com\/wp-content\/uploads\/2024\/05\/talay-web-ikon.png\",\"width\":500,\"height\":500,\"caption\":\"Talay Logistics\"},\"image\":{\"@id\":\"https:\/\/talay.com\/#\/schema\/logo\/image\/\"},\"sameAs\":[\"https:\/\/facebook.com\/talaylogistics\",\"https:\/\/x.com\/talaylogistics\",\"https:\/\/linkedin.com\/company\/talaylogistics\",\"https:\/\/instagram.com\/talay.logistics\"]},{\"@type\":\"Person\",\"@id\":\"https:\/\/talay.com\/#\/schema\/person\/4ef66f7c0d09326cd8506089c5a9bea5\",\"name\":\"admin\",\"image\":{\"@type\":\"ImageObject\",\"inLanguage\":\"en-US\",\"@id\":\"https:\/\/talay.com\/#\/schema\/person\/image\/\",\"url\":\"https:\/\/secure.gravatar.com\/avatar\/1ba460bdb360e968b6892a9005fe3958d361c6abce699d3ccb40a9271aec5fb6?s=96&d=mm&r=g\",\"contentUrl\":\"https:\/\/secure.gravatar.com\/avatar\/1ba460bdb360e968b6892a9005fe3958d361c6abce699d3ccb40a9271aec5fb6?s=96&d=mm&r=g\",\"caption\":\"admin\"},\"sameAs\":[\"https:\/\/talay.com\"]}]}<\/script>\n<!-- \/ Yoast SEO plugin. -->","yoast_head_json":{"title":"A Yat\u0131r\u0131m\u0131n da Y\u0131ld\u0131z\u0131 Oldu | Talay Logistics","robots":{"index":"index","follow":"follow","max-snippet":"max-snippet:-1","max-image-preview":"max-image-preview:large","max-video-preview":"max-video-preview:-1"},"canonical":"https:\/\/talay.com\/en\/a-yatirimin-da-yildizi-oldu\/","og_locale":"en_US","og_type":"article","og_title":"A Yat\u0131r\u0131m\u0131n da Y\u0131ld\u0131z\u0131 Oldu | Talay Logistics","og_description":"T\u00fcrkiye\u2019nin son 10 y\u0131lda en h\u0131zl\u0131 b\u00fcy\u00fcyen lojistik \u015firketlerinden Talay Logistics, Cumhuriyet\u2019in 100. y\u0131l\u0131nda yat\u0131r\u0131mlar\u0131n\u0131 art\u0131rd\u0131. \u015eirket, 2023\u2019te yakla\u015f\u0131k 900 milyon lira tutar\u0131nda ara\u00e7, ekipman ve ye\u015fil lojistik yat\u0131r\u0131m\u0131 ger\u00e7ekle\u015ftirdi. Talay Logistics CEO\u2019su Onur Talay, \u201c2023\u2019te 100 \u00e7ekici, 300\u2019den fazla dorse, konteyner ve swap-body sat\u0131n ald\u0131k. 2024 y\u0131l\u0131nda da dikkat \u00e7ekici yat\u0131r\u0131mlar ger\u00e7ekle\u015ftirece\u011fiz.\u201d dedi B\u00fcy\u00fcmenin [&hellip;]","og_url":"https:\/\/talay.com\/en\/a-yatirimin-da-yildizi-oldu\/","og_site_name":"Talay Logistics","article_publisher":"https:\/\/facebook.com\/talaylogistics","article_published_time":"2025-01-16T15:44:51+00:00","og_image":[{"url":"https:\/\/talay.com\/wp-content\/uploads\/2025\/01\/talay-OnurTalay-3.jpg","type":"","width":"","height":""}],"author":"admin","twitter_card":"summary_large_image","twitter_creator":"@talaylogistics","twitter_site":"@talaylogistics","twitter_misc":{"Written by":"admin","Est. reading time":"3 minutes"},"schema":{"@context":"https:\/\/schema.org","@graph":[{"@type":"Article","@id":"https:\/\/talay.com\/en\/a-yatirimin-da-yildizi-oldu\/#article","isPartOf":{"@id":"https:\/\/talay.com\/en\/a-yatirimin-da-yildizi-oldu\/"},"author":{"name":"admin","@id":"https:\/\/talay.com\/#\/schema\/person\/4ef66f7c0d09326cd8506089c5a9bea5"},"headline":"A Yat\u0131r\u0131m\u0131n da Y\u0131ld\u0131z\u0131 Oldu","datePublished":"2025-01-16T15:44:51+00:00","mainEntityOfPage":{"@id":"https:\/\/talay.com\/en\/a-yatirimin-da-yildizi-oldu\/"},"wordCount":589,"publisher":{"@id":"https:\/\/talay.com\/#organization"},"image":{"@id":"https:\/\/talay.com\/en\/a-yatirimin-da-yildizi-oldu\/#primaryimage"},"thumbnailUrl":"https:\/\/talay.com\/wp-content\/uploads\/2025\/01\/talay-OnurTalay-3.jpg","articleSection":["News"],"inLanguage":"en-US"},{"@type":"WebPage","@id":"https:\/\/talay.com\/en\/a-yatirimin-da-yildizi-oldu\/","url":"https:\/\/talay.com\/en\/a-yatirimin-da-yildizi-oldu\/","name":"A Yat\u0131r\u0131m\u0131n da Y\u0131ld\u0131z\u0131 Oldu | Talay Logistics","isPartOf":{"@id":"https:\/\/talay.com\/#website"},"primaryImageOfPage":{"@id":"https:\/\/talay.com\/en\/a-yatirimin-da-yildizi-oldu\/#primaryimage"},"image":{"@id":"https:\/\/talay.com\/en\/a-yatirimin-da-yildizi-oldu\/#primaryimage"},"thumbnailUrl":"https:\/\/talay.com\/wp-content\/uploads\/2025\/01\/talay-OnurTalay-3.jpg","datePublished":"2025-01-16T15:44:51+00:00","breadcrumb":{"@id":"https:\/\/talay.com\/en\/a-yatirimin-da-yildizi-oldu\/#breadcrumb"},"inLanguage":"en-US","potentialAction":[{"@type":"ReadAction","target":["https:\/\/talay.com\/en\/a-yatirimin-da-yildizi-oldu\/"]}]},{"@type":"ImageObject","inLanguage":"en-US","@id":"https:\/\/talay.com\/en\/a-yatirimin-da-yildizi-oldu\/#primaryimage","url":"https:\/\/talay.com\/wp-content\/uploads\/2025\/01\/talay-OnurTalay-3.jpg","contentUrl":"https:\/\/talay.com\/wp-content\/uploads\/2025\/01\/talay-OnurTalay-3.jpg","width":2160,"height":2160},{"@type":"BreadcrumbList","@id":"https:\/\/talay.com\/en\/a-yatirimin-da-yildizi-oldu\/#breadcrumb","itemListElement":[{"@type":"ListItem","position":1,"name":"Anasayfa","item":"https:\/\/talay.com\/en\/"},{"@type":"ListItem","position":2,"name":"A Yat\u0131r\u0131m\u0131n da Y\u0131ld\u0131z\u0131 Oldu"}]},{"@type":"WebSite","@id":"https:\/\/talay.com\/#website","url":"https:\/\/talay.com\/","name":"Talay Logistics","description":"Entegre Ta\u015f\u0131mac\u0131l\u0131k \u00c7\u00f6z\u00fcmleri","publisher":{"@id":"https:\/\/talay.com\/#organization"},"potentialAction":[{"@type":"SearchAction","target":{"@type":"EntryPoint","urlTemplate":"https:\/\/talay.com\/?s={search_term_string}"},"query-input":{"@type":"PropertyValueSpecification","valueRequired":true,"valueName":"search_term_string"}}],"inLanguage":"en-US"},{"@type":"Organization","@id":"https:\/\/talay.com\/#organization","name":"Talay Logistics","url":"https:\/\/talay.com\/","logo":{"@type":"ImageObject","inLanguage":"en-US","@id":"https:\/\/talay.com\/#\/schema\/logo\/image\/","url":"https:\/\/talay.com\/wp-content\/uploads\/2024\/05\/talay-web-ikon.png","contentUrl":"https:\/\/talay.com\/wp-content\/uploads\/2024\/05\/talay-web-ikon.png","width":500,"height":500,"caption":"Talay Logistics"},"image":{"@id":"https:\/\/talay.com\/#\/schema\/logo\/image\/"},"sameAs":["https:\/\/facebook.com\/talaylogistics","https:\/\/x.com\/talaylogistics","https:\/\/linkedin.com\/company\/talaylogistics","https:\/\/instagram.com\/talay.logistics"]},{"@type":"Person","@id":"https:\/\/talay.com\/#\/schema\/person\/4ef66f7c0d09326cd8506089c5a9bea5","name":"admin","image":{"@type":"ImageObject","inLanguage":"en-US","@id":"https:\/\/talay.com\/#\/schema\/person\/image\/","url":"https:\/\/secure.gravatar.com\/avatar\/1ba460bdb360e968b6892a9005fe3958d361c6abce699d3ccb40a9271aec5fb6?s=96&d=mm&r=g","contentUrl":"https:\/\/secure.gravatar.com\/avatar\/1ba460bdb360e968b6892a9005fe3958d361c6abce699d3ccb40a9271aec5fb6?s=96&d=mm&r=g","caption":"admin"},"sameAs":["https:\/\/talay.com"]}]}},"_links":{"self":[{"href":"https:\/\/talay.com\/en\/wp-json\/wp\/v2\/posts\/5615","targetHints":{"allow":["GET"]}}],"collection":[{"href":"https:\/\/talay.com\/en\/wp-json\/wp\/v2\/posts"}],"about":[{"href":"https:\/\/talay.com\/en\/wp-json\/wp\/v2\/types\/post"}],"author":[{"embeddable":true,"href":"https:\/\/talay.com\/en\/wp-json\/wp\/v2\/users\/1"}],"replies":[{"embeddable":true,"href":"https:\/\/talay.com\/en\/wp-json\/wp\/v2\/comments?post=5615"}],"version-history":[{"count":0,"href":"https:\/\/talay.com\/en\/wp-json\/wp\/v2\/posts\/5615\/revisions"}],"wp:featuredmedia":[{"embeddable":true,"href":"https:\/\/talay.com\/en\/wp-json\/wp\/v2\/media\/4846"}],"wp:attachment":[{"href":"https:\/\/talay.com\/en\/wp-json\/wp\/v2\/media?parent=5615"}],"wp:term":[{"taxonomy":"category","embeddable":true,"href":"https:\/\/talay.com\/en\/wp-json\/wp\/v2\/categories?post=5615"},{"taxonomy":"post_tag","embeddable":true,"href":"https:\/\/talay.com\/en\/wp-json\/wp\/v2\/tags?post=5615"}],"curies":[{"name":"wp","href":"https:\/\/api.w.org\/{rel}","templated":true}]}}