{"id":5614,"date":"2025-01-16T19:22:47","date_gmt":"2025-01-16T16:22:47","guid":{"rendered":"https:\/\/talay.com\/sarp-intermodal-dunyanin-her-yerine-guvenle-yuk-tasiyor\/"},"modified":"2025-01-16T19:22:47","modified_gmt":"2025-01-16T16:22:47","slug":"sarp-intermodal-dunyanin-her-yerine-guvenle-yuk-tasiyor","status":"publish","type":"post","link":"https:\/\/talay.com\/en\/sarp-intermodal-dunyanin-her-yerine-guvenle-yuk-tasiyor\/","title":{"rendered":"Talay Logistics D\u00fcnyan\u0131n Her Yerine G\u00fcvenle Y\u00fck Ta\u015f\u0131yor"},"content":{"rendered":"\t\t<div data-elementor-type=\"wp-post\" data-elementor-id=\"5614\" class=\"elementor elementor-5614 elementor-4766\" data-elementor-post-type=\"post\">\n\t\t\t\t<div class=\"elementor-element elementor-element-eb43b3e e-flex e-con-boxed e-con e-parent\" data-id=\"eb43b3e\" data-element_type=\"container\">\n\t\t\t\t\t<div class=\"e-con-inner\">\n\t\t\t\t<div class=\"elementor-element elementor-element-1967e62 elementor-widget elementor-widget-lqd-image\" data-id=\"1967e62\" data-element_type=\"widget\" data-widget_type=\"lqd-image.default\">\n\t\t\t\t<div class=\"elementor-widget-container\">\n\t\t\t\t\t\n\t\t<figure class=\"inline-block relative align-middle overflow-hidden lqd-transform-perspective transition-colors\" data-lqd-look-at-mouse data-lqd-hover3d-el>\n\n\t\t\t\n\t\t\t\t\n\t\t\t\t<img fetchpriority=\"high\" decoding=\"async\" width=\"2160\" height=\"2160\" src=\"https:\/\/talay.com\/wp-content\/uploads\/2025\/01\/talay-YigitAltiparmak-1.jpg\" class=\"attachment-full size-full wp-image-4801\" alt=\"\" srcset=\"https:\/\/talay.com\/wp-content\/uploads\/2025\/01\/talay-YigitAltiparmak-1.jpg 2160w, https:\/\/talay.com\/wp-content\/uploads\/2025\/01\/talay-YigitAltiparmak-1-300x300.jpg 300w, https:\/\/talay.com\/wp-content\/uploads\/2025\/01\/talay-YigitAltiparmak-1-1024x1024.jpg 1024w, https:\/\/talay.com\/wp-content\/uploads\/2025\/01\/talay-YigitAltiparmak-1-150x150.jpg 150w\" sizes=\"(max-width: 2160px) 100vw, 2160px\" \/>\n\t\t\t\t\n\t\t\t\t\n\t\t\t\t\n\t\t\t\n\t\t\t\n\t\t<\/figure>\n\n\t\t\t\t\t\t<\/div>\n\t\t\t\t<\/div>\n\t\t\t\t\t<\/div>\n\t\t\t\t<\/div>\n\t\t<div class=\"elementor-element elementor-element-5ec1de1 e-flex e-con-boxed e-con e-parent\" data-id=\"5ec1de1\" data-element_type=\"container\">\n\t\t\t\t\t<div class=\"e-con-inner\">\n\t\t\t\t<div class=\"elementor-element elementor-element-987e199 elementor-widget elementor-widget-text-editor\" data-id=\"987e199\" data-element_type=\"widget\" data-widget_type=\"text-editor.default\">\n\t\t\t\t<div class=\"elementor-widget-container\">\n\t\t\t\t\t\t\t\t\t<p>Ta\u015f\u0131malar\u0131m\u0131z\u0131n b\u00fcy\u00fck k\u0131sm\u0131n\u0131 Ro-Ro ve demir yolu ile yap\u0131yoruz. Demir yolu entegreli intermodal ta\u015f\u0131malar\u0131m\u0131zda, T\u00fcrkiye ile Avrupa \u00fclkeleri aras\u0131nda operasyonlar ger\u00e7ekle\u015ftiriyoruz. T\u00fcrkiye ile Avrupa \u00fclkeleri aras\u0131nda direkt demir yolu \u00e7\u0131k\u0131\u015flar\u0131m\u0131z oldu\u011fu gibi Ro-Ro ile Trieste ya da Sete\u2019ye vard\u0131ktan sonra demir yolu ile Avrupa \u00fclkelerine ger\u00e7ekle\u015ftirdi\u011fimiz ta\u015f\u0131malar\u0131m\u0131z da bulunuyor. Ro-Ro\u2019ya entegre demir yolu ta\u015f\u0131malar\u0131m\u0131zla \u00f6rne\u011fin T\u00fcrkiye\u2019den Almanya\u2019ya 7 ila 8, Fransa\u2019ya 9 ila 10 g\u00fcnl\u00fck sabit transit s\u00fcrelerde ula\u015fabiliyoruz. Sundu\u011fumuz en \u00f6nemli avantaj, geni\u015f ekipman se\u00e7eneklerimiz ve d\u00fcnya \u00e7ap\u0131ndaki hizmet a\u011f\u0131m\u0131z. Bu sayede bir\u00e7ok farkl\u0131 sekt\u00f6rden y\u00fck\u00fc d\u00fcnyan\u0131n her noktas\u0131na g\u00fcvenle ula\u015ft\u0131r\u0131yoruz.<\/p><p><strong>Hangi \u0130ntermodal hatlarda \u00e7al\u0131\u015f\u0131yor ve hangi \u00dclkelere hizmet veriyorsunuz? 2023\u2019te yeni intermodal hatlarda \u00e7al\u0131\u015ft\u0131n\u0131z m\u0131? 2024\u2019te yeni intermodal hatlar kullanacak m\u0131s\u0131n\u0131z?<\/strong><\/p><p>\u200c\u0130ntermodal ve deniz yolu altyap\u0131m\u0131z\u0131 kullanarak Avrupa, Afrika, Amerika ve Asya\u2019ya tam zaman\u0131nda ta\u015f\u0131malar yap\u0131yoruz. K\u00fcresel lojistik \u015firketi olma vizyonumuz kapsam\u0131nda, d\u00fcnyan\u0131n her noktas\u0131nda \u00e7\u00f6z\u00fcm \u00fcretmeye devam edece\u011fiz. Yeni hatlar \u00fczerinde \u00e7al\u0131\u015fmalar\u0131m\u0131z\u0131 s\u00fcrd\u00fcr\u00fcyoruz.<\/p><p><strong>Talay Logistics, Demiryolu Ta\u015f\u0131mac\u0131l\u0131\u011f\u0131 ve \u0130ntermodal lojistikte ula\u015ft\u0131\u011f\u0131 b\u00fcy\u00fckl\u00fc\u011f\u00fc rakamsal verilerle anlat\u0131r m\u0131s\u0131n\u0131z? Bu alanda, 2023 y\u0131l\u0131nda hangi yat\u0131r\u0131mlara imza att\u0131n\u0131z?<\/strong><\/p><p>\u200c Ge\u00e7en y\u0131l\u0131 80 bin intermodal operasyonuyla tamamlad\u0131k. Bununla birlikte yakla\u015f\u0131k 900 milyon lira tutar\u0131nda ara\u00e7, ekipman ve ye\u015fil lojistik yat\u0131r\u0131m\u0131 ger\u00e7ekle\u015ftirdik. B\u00f6ylece kurulu\u015fumuzun hen\u00fcz 10. y\u0131l\u0131n\u0131 doldurmadan \u00f6nemli bir b\u00fcy\u00fckl\u00fc\u011fe ula\u015ft\u0131k. Yo\u011fun intermodal ta\u015f\u0131malar\u0131m\u0131zla birlikte deniz ve hava yolu ta\u015f\u0131malar\u0131nda da ciddi b\u00fcy\u00fcme kaydettik. \u0130stanbul\u2019da iki yeni depo yat\u0131r\u0131m\u0131m\u0131zla depolama alan\u0131nda da hizmetlerimizi geni\u015flettik. B\u00f6ylece intermodal ile birlikte lojisti\u011fin her alan\u0131nda \u00e7\u00f6z\u00fcm \u00fcreten, d\u00fcnyan\u0131n her noktas\u0131na ula\u015fabilen bir servis sa\u011flay\u0131c\u0131 olma hedefimize emin ad\u0131mlarla y\u00fcr\u00fcyoruz. Bununla birlikte treyler \u00fcretmek amac\u0131yla kurdu\u011fumuz grup \u015firketimiz TAL Trailer ile birlikte yat\u0131r\u0131mlar\u0131m\u0131za h\u0131z katt\u0131k. Yine grup \u015firketimiz olan ve 2023 y\u0131l\u0131nda kurulan Talay Customs ile g\u00fcmr\u00fckleme hizmetleri sa\u011flamaya ba\u015flad\u0131k. Ayn\u0131 zamanda Kontrat Lojisti\u011fi alan\u0131ndaki hizmetlerimizi de h\u0131zland\u0131rd\u0131k.<\/p><p><strong>\u0130ntermodal ta\u015f\u0131mac\u0131l\u0131k; \u00e7evreye duyarl\u0131 ve Ye\u015fil Lojistik diye tabir edilen bir ta\u015f\u0131ma t\u00fcr\u00fc olup, karayolu ta\u015f\u0131mac\u0131l\u0131\u011f\u0131na oranla \u00e7evreye daha az zarar vermekte ve firmalara dizel tasarrufu da sa\u011flamaktad\u0131r. Talay Logistics, \u2018\u2019Ye\u015fil ve \u00e7evreye duyarl\u0131 lojistik\u2019\u2019 konusunda neler yapmaktad\u0131r? \u00d6rnekler ve rakamlarla anlat\u0131r m\u0131s\u0131n\u0131z?<br \/><\/strong><br \/>2023 y\u0131l\u0131nda 80.000 adet operasyonumuzda kara yolu yerine intermodali kulland\u0131k. Bu sayede yakla\u015f\u0131k 3.700.000 adet a\u011fa\u00e7 yani 9.250 hektar orman\u0131n korunmas\u0131na destek olduk. Ayn\u0131 zamanda 80 bin tonluk karbon sal\u0131m\u0131n\u0131n da \u00f6n\u00fcne ge\u00e7tik. 180 milyon kilovatsaat enerji ve 30 milyon litre dizel tasarrufu sa\u011flad\u0131k. Ayr\u0131ca ge\u00e7en y\u0131l T\u00fcrkiye\u2019nin ilk y\u00fczde 100 elektrikli \u00e7ekicisini filomuza d\u00e2hil ettik. Arac\u0131m\u0131z \u015fimdiden 25.000 kilometre yol katetti.<\/p><p><strong>Talay Logistics, Demiryolu Lojisti\u011fi ve \u0130ntermodal Ta\u015f\u0131mac\u0131l\u0131k\u2019taki k\u0131sa, orta ve uzun vadedeki hedeflerini ve yat\u0131r\u0131m planlar\u0131n\u0131 payla\u015f\u0131r m\u0131s\u0131n\u0131z?<\/strong><\/p><p>2025 sonu i\u00e7in 6 bin konteynere ula\u015fma hedefimiz bulunuyor. K\u00fcresel bir lojistik servis sa\u011flay\u0131c\u0131 olma yolundaki hedefimiz do\u011frultusunda, konteyner yat\u0131r\u0131mlar\u0131m\u0131z 2024\u2019te de s\u00fcrecek. B\u00f6ylece intermodal ve demir yolundaki g\u00fcc\u00fcm\u00fcz\u00fc daha da peki\u015ftirece\u011fiz.<\/p>\t\t\t\t\t\t\t\t<\/div>\n\t\t\t\t<\/div>\n\t\t\t\t\t<\/div>\n\t\t\t\t<\/div>\n\t\t\t\t<\/div>\n\t\t","protected":false},"excerpt":{"rendered":"<p>Ta\u015f\u0131malar\u0131m\u0131z\u0131n b\u00fcy\u00fck k\u0131sm\u0131n\u0131 Ro-Ro ve demir yolu ile yap\u0131yoruz. Demir yolu entegreli intermodal ta\u015f\u0131malar\u0131m\u0131zda, T\u00fcrkiye ile Avrupa \u00fclkeleri aras\u0131nda operasyonlar ger\u00e7ekle\u015ftiriyoruz. T\u00fcrkiye ile Avrupa \u00fclkeleri aras\u0131nda direkt demir yolu \u00e7\u0131k\u0131\u015flar\u0131m\u0131z oldu\u011fu gibi Ro-Ro ile Trieste ya da Sete\u2019ye vard\u0131ktan sonra demir yolu ile Avrupa \u00fclkelerine ger\u00e7ekle\u015ftirdi\u011fimiz ta\u015f\u0131malar\u0131m\u0131z da bulunuyor. Ro-Ro\u2019ya entegre demir yolu ta\u015f\u0131malar\u0131m\u0131zla \u00f6rne\u011fin [&hellip;]<\/p>\n","protected":false},"author":1,"featured_media":4802,"comment_status":"closed","ping_status":"closed","sticky":false,"template":"","format":"standard","meta":{"footnotes":""},"categories":[39],"tags":[],"class_list":["post-5614","post","type-post","status-publish","format-standard","has-post-thumbnail","hentry","category-haber-en"],"yoast_head":"<!-- This site is optimized with the Yoast SEO plugin v26.7 - https:\/\/yoast.com\/wordpress\/plugins\/seo\/ -->\n<title>Talay Logistics D\u00fcnyan\u0131n Her Yerine G\u00fcvenle Y\u00fck Ta\u015f\u0131yor | Talay Logistics<\/title>\n<meta name=\"robots\" content=\"index, follow, max-snippet:-1, max-image-preview:large, max-video-preview:-1\" \/>\n<link rel=\"canonical\" href=\"https:\/\/talay.com\/en\/sarp-intermodal-dunyanin-her-yerine-guvenle-yuk-tasiyor\/\" \/>\n<meta property=\"og:locale\" content=\"en_US\" \/>\n<meta property=\"og:type\" content=\"article\" \/>\n<meta property=\"og:title\" content=\"Talay Logistics D\u00fcnyan\u0131n Her Yerine G\u00fcvenle Y\u00fck Ta\u015f\u0131yor | Talay Logistics\" \/>\n<meta property=\"og:description\" content=\"Ta\u015f\u0131malar\u0131m\u0131z\u0131n b\u00fcy\u00fck k\u0131sm\u0131n\u0131 Ro-Ro ve demir yolu ile yap\u0131yoruz. Demir yolu entegreli intermodal ta\u015f\u0131malar\u0131m\u0131zda, T\u00fcrkiye ile Avrupa \u00fclkeleri aras\u0131nda operasyonlar ger\u00e7ekle\u015ftiriyoruz. T\u00fcrkiye ile Avrupa \u00fclkeleri aras\u0131nda direkt demir yolu \u00e7\u0131k\u0131\u015flar\u0131m\u0131z oldu\u011fu gibi Ro-Ro ile Trieste ya da Sete\u2019ye vard\u0131ktan sonra demir yolu ile Avrupa \u00fclkelerine ger\u00e7ekle\u015ftirdi\u011fimiz ta\u015f\u0131malar\u0131m\u0131z da bulunuyor. Ro-Ro\u2019ya entegre demir yolu ta\u015f\u0131malar\u0131m\u0131zla \u00f6rne\u011fin [&hellip;]\" \/>\n<meta property=\"og:url\" content=\"https:\/\/talay.com\/en\/sarp-intermodal-dunyanin-her-yerine-guvenle-yuk-tasiyor\/\" \/>\n<meta property=\"og:site_name\" content=\"Talay Logistics\" \/>\n<meta property=\"article:publisher\" content=\"https:\/\/facebook.com\/talaylogistics\" \/>\n<meta property=\"article:published_time\" content=\"2025-01-16T16:22:47+00:00\" \/>\n<meta property=\"og:image\" content=\"https:\/\/talay.com\/wp-content\/uploads\/2025\/01\/talay-YigitAltiparmak-1.jpg\" \/>\n<meta name=\"author\" content=\"admin\" \/>\n<meta name=\"twitter:card\" content=\"summary_large_image\" \/>\n<meta name=\"twitter:creator\" content=\"@talaylogistics\" \/>\n<meta name=\"twitter:site\" content=\"@talaylogistics\" \/>\n<meta name=\"twitter:label1\" content=\"Written by\" \/>\n\t<meta name=\"twitter:data1\" content=\"admin\" \/>\n\t<meta name=\"twitter:label2\" content=\"Est. reading time\" \/>\n\t<meta name=\"twitter:data2\" content=\"3 minutes\" \/>\n<script type=\"application\/ld+json\" class=\"yoast-schema-graph\">{\"@context\":\"https:\/\/schema.org\",\"@graph\":[{\"@type\":\"Article\",\"@id\":\"https:\/\/talay.com\/en\/sarp-intermodal-dunyanin-her-yerine-guvenle-yuk-tasiyor\/#article\",\"isPartOf\":{\"@id\":\"https:\/\/talay.com\/en\/sarp-intermodal-dunyanin-her-yerine-guvenle-yuk-tasiyor\/\"},\"author\":{\"name\":\"admin\",\"@id\":\"https:\/\/talay.com\/#\/schema\/person\/4ef66f7c0d09326cd8506089c5a9bea5\"},\"headline\":\"Talay Logistics D\u00fcnyan\u0131n Her Yerine G\u00fcvenle Y\u00fck Ta\u015f\u0131yor\",\"datePublished\":\"2025-01-16T16:22:47+00:00\",\"mainEntityOfPage\":{\"@id\":\"https:\/\/talay.com\/en\/sarp-intermodal-dunyanin-her-yerine-guvenle-yuk-tasiyor\/\"},\"wordCount\":666,\"publisher\":{\"@id\":\"https:\/\/talay.com\/#organization\"},\"image\":{\"@id\":\"https:\/\/talay.com\/en\/sarp-intermodal-dunyanin-her-yerine-guvenle-yuk-tasiyor\/#primaryimage\"},\"thumbnailUrl\":\"https:\/\/talay.com\/wp-content\/uploads\/2025\/01\/talay-YigitAltiparmak-1.jpg\",\"articleSection\":[\"News\"],\"inLanguage\":\"en-US\"},{\"@type\":\"WebPage\",\"@id\":\"https:\/\/talay.com\/en\/sarp-intermodal-dunyanin-her-yerine-guvenle-yuk-tasiyor\/\",\"url\":\"https:\/\/talay.com\/en\/sarp-intermodal-dunyanin-her-yerine-guvenle-yuk-tasiyor\/\",\"name\":\"Talay Logistics D\u00fcnyan\u0131n Her Yerine G\u00fcvenle Y\u00fck Ta\u015f\u0131yor | Talay Logistics\",\"isPartOf\":{\"@id\":\"https:\/\/talay.com\/#website\"},\"primaryImageOfPage\":{\"@id\":\"https:\/\/talay.com\/en\/sarp-intermodal-dunyanin-her-yerine-guvenle-yuk-tasiyor\/#primaryimage\"},\"image\":{\"@id\":\"https:\/\/talay.com\/en\/sarp-intermodal-dunyanin-her-yerine-guvenle-yuk-tasiyor\/#primaryimage\"},\"thumbnailUrl\":\"https:\/\/talay.com\/wp-content\/uploads\/2025\/01\/talay-YigitAltiparmak-1.jpg\",\"datePublished\":\"2025-01-16T16:22:47+00:00\",\"breadcrumb\":{\"@id\":\"https:\/\/talay.com\/en\/sarp-intermodal-dunyanin-her-yerine-guvenle-yuk-tasiyor\/#breadcrumb\"},\"inLanguage\":\"en-US\",\"potentialAction\":[{\"@type\":\"ReadAction\",\"target\":[\"https:\/\/talay.com\/en\/sarp-intermodal-dunyanin-her-yerine-guvenle-yuk-tasiyor\/\"]}]},{\"@type\":\"ImageObject\",\"inLanguage\":\"en-US\",\"@id\":\"https:\/\/talay.com\/en\/sarp-intermodal-dunyanin-her-yerine-guvenle-yuk-tasiyor\/#primaryimage\",\"url\":\"https:\/\/talay.com\/wp-content\/uploads\/2025\/01\/talay-YigitAltiparmak-1.jpg\",\"contentUrl\":\"https:\/\/talay.com\/wp-content\/uploads\/2025\/01\/talay-YigitAltiparmak-1.jpg\",\"width\":2160,\"height\":2160},{\"@type\":\"BreadcrumbList\",\"@id\":\"https:\/\/talay.com\/en\/sarp-intermodal-dunyanin-her-yerine-guvenle-yuk-tasiyor\/#breadcrumb\",\"itemListElement\":[{\"@type\":\"ListItem\",\"position\":1,\"name\":\"Anasayfa\",\"item\":\"https:\/\/talay.com\/en\/\"},{\"@type\":\"ListItem\",\"position\":2,\"name\":\"Talay Logistics D\u00fcnyan\u0131n Her Yerine G\u00fcvenle Y\u00fck Ta\u015f\u0131yor\"}]},{\"@type\":\"WebSite\",\"@id\":\"https:\/\/talay.com\/#website\",\"url\":\"https:\/\/talay.com\/\",\"name\":\"Talay Logistics\",\"description\":\"Entegre Ta\u015f\u0131mac\u0131l\u0131k \u00c7\u00f6z\u00fcmleri\",\"publisher\":{\"@id\":\"https:\/\/talay.com\/#organization\"},\"potentialAction\":[{\"@type\":\"SearchAction\",\"target\":{\"@type\":\"EntryPoint\",\"urlTemplate\":\"https:\/\/talay.com\/?s={search_term_string}\"},\"query-input\":{\"@type\":\"PropertyValueSpecification\",\"valueRequired\":true,\"valueName\":\"search_term_string\"}}],\"inLanguage\":\"en-US\"},{\"@type\":\"Organization\",\"@id\":\"https:\/\/talay.com\/#organization\",\"name\":\"Talay Logistics\",\"url\":\"https:\/\/talay.com\/\",\"logo\":{\"@type\":\"ImageObject\",\"inLanguage\":\"en-US\",\"@id\":\"https:\/\/talay.com\/#\/schema\/logo\/image\/\",\"url\":\"https:\/\/talay.com\/wp-content\/uploads\/2024\/05\/talay-web-ikon.png\",\"contentUrl\":\"https:\/\/talay.com\/wp-content\/uploads\/2024\/05\/talay-web-ikon.png\",\"width\":500,\"height\":500,\"caption\":\"Talay Logistics\"},\"image\":{\"@id\":\"https:\/\/talay.com\/#\/schema\/logo\/image\/\"},\"sameAs\":[\"https:\/\/facebook.com\/talaylogistics\",\"https:\/\/x.com\/talaylogistics\",\"https:\/\/linkedin.com\/company\/talaylogistics\",\"https:\/\/instagram.com\/talay.logistics\"]},{\"@type\":\"Person\",\"@id\":\"https:\/\/talay.com\/#\/schema\/person\/4ef66f7c0d09326cd8506089c5a9bea5\",\"name\":\"admin\",\"image\":{\"@type\":\"ImageObject\",\"inLanguage\":\"en-US\",\"@id\":\"https:\/\/talay.com\/#\/schema\/person\/image\/\",\"url\":\"https:\/\/secure.gravatar.com\/avatar\/1ba460bdb360e968b6892a9005fe3958d361c6abce699d3ccb40a9271aec5fb6?s=96&d=mm&r=g\",\"contentUrl\":\"https:\/\/secure.gravatar.com\/avatar\/1ba460bdb360e968b6892a9005fe3958d361c6abce699d3ccb40a9271aec5fb6?s=96&d=mm&r=g\",\"caption\":\"admin\"},\"sameAs\":[\"https:\/\/talay.com\"]}]}<\/script>\n<!-- \/ Yoast SEO plugin. -->","yoast_head_json":{"title":"Talay Logistics D\u00fcnyan\u0131n Her Yerine G\u00fcvenle Y\u00fck Ta\u015f\u0131yor | Talay Logistics","robots":{"index":"index","follow":"follow","max-snippet":"max-snippet:-1","max-image-preview":"max-image-preview:large","max-video-preview":"max-video-preview:-1"},"canonical":"https:\/\/talay.com\/en\/sarp-intermodal-dunyanin-her-yerine-guvenle-yuk-tasiyor\/","og_locale":"en_US","og_type":"article","og_title":"Talay Logistics D\u00fcnyan\u0131n Her Yerine G\u00fcvenle Y\u00fck Ta\u015f\u0131yor | Talay Logistics","og_description":"Ta\u015f\u0131malar\u0131m\u0131z\u0131n b\u00fcy\u00fck k\u0131sm\u0131n\u0131 Ro-Ro ve demir yolu ile yap\u0131yoruz. Demir yolu entegreli intermodal ta\u015f\u0131malar\u0131m\u0131zda, T\u00fcrkiye ile Avrupa \u00fclkeleri aras\u0131nda operasyonlar ger\u00e7ekle\u015ftiriyoruz. T\u00fcrkiye ile Avrupa \u00fclkeleri aras\u0131nda direkt demir yolu \u00e7\u0131k\u0131\u015flar\u0131m\u0131z oldu\u011fu gibi Ro-Ro ile Trieste ya da Sete\u2019ye vard\u0131ktan sonra demir yolu ile Avrupa \u00fclkelerine ger\u00e7ekle\u015ftirdi\u011fimiz ta\u015f\u0131malar\u0131m\u0131z da bulunuyor. Ro-Ro\u2019ya entegre demir yolu ta\u015f\u0131malar\u0131m\u0131zla \u00f6rne\u011fin [&hellip;]","og_url":"https:\/\/talay.com\/en\/sarp-intermodal-dunyanin-her-yerine-guvenle-yuk-tasiyor\/","og_site_name":"Talay Logistics","article_publisher":"https:\/\/facebook.com\/talaylogistics","article_published_time":"2025-01-16T16:22:47+00:00","og_image":[{"url":"https:\/\/talay.com\/wp-content\/uploads\/2025\/01\/talay-YigitAltiparmak-1.jpg","type":"","width":"","height":""}],"author":"admin","twitter_card":"summary_large_image","twitter_creator":"@talaylogistics","twitter_site":"@talaylogistics","twitter_misc":{"Written by":"admin","Est. reading time":"3 minutes"},"schema":{"@context":"https:\/\/schema.org","@graph":[{"@type":"Article","@id":"https:\/\/talay.com\/en\/sarp-intermodal-dunyanin-her-yerine-guvenle-yuk-tasiyor\/#article","isPartOf":{"@id":"https:\/\/talay.com\/en\/sarp-intermodal-dunyanin-her-yerine-guvenle-yuk-tasiyor\/"},"author":{"name":"admin","@id":"https:\/\/talay.com\/#\/schema\/person\/4ef66f7c0d09326cd8506089c5a9bea5"},"headline":"Talay Logistics D\u00fcnyan\u0131n Her Yerine G\u00fcvenle Y\u00fck Ta\u015f\u0131yor","datePublished":"2025-01-16T16:22:47+00:00","mainEntityOfPage":{"@id":"https:\/\/talay.com\/en\/sarp-intermodal-dunyanin-her-yerine-guvenle-yuk-tasiyor\/"},"wordCount":666,"publisher":{"@id":"https:\/\/talay.com\/#organization"},"image":{"@id":"https:\/\/talay.com\/en\/sarp-intermodal-dunyanin-her-yerine-guvenle-yuk-tasiyor\/#primaryimage"},"thumbnailUrl":"https:\/\/talay.com\/wp-content\/uploads\/2025\/01\/talay-YigitAltiparmak-1.jpg","articleSection":["News"],"inLanguage":"en-US"},{"@type":"WebPage","@id":"https:\/\/talay.com\/en\/sarp-intermodal-dunyanin-her-yerine-guvenle-yuk-tasiyor\/","url":"https:\/\/talay.com\/en\/sarp-intermodal-dunyanin-her-yerine-guvenle-yuk-tasiyor\/","name":"Talay Logistics D\u00fcnyan\u0131n Her Yerine G\u00fcvenle Y\u00fck Ta\u015f\u0131yor | Talay Logistics","isPartOf":{"@id":"https:\/\/talay.com\/#website"},"primaryImageOfPage":{"@id":"https:\/\/talay.com\/en\/sarp-intermodal-dunyanin-her-yerine-guvenle-yuk-tasiyor\/#primaryimage"},"image":{"@id":"https:\/\/talay.com\/en\/sarp-intermodal-dunyanin-her-yerine-guvenle-yuk-tasiyor\/#primaryimage"},"thumbnailUrl":"https:\/\/talay.com\/wp-content\/uploads\/2025\/01\/talay-YigitAltiparmak-1.jpg","datePublished":"2025-01-16T16:22:47+00:00","breadcrumb":{"@id":"https:\/\/talay.com\/en\/sarp-intermodal-dunyanin-her-yerine-guvenle-yuk-tasiyor\/#breadcrumb"},"inLanguage":"en-US","potentialAction":[{"@type":"ReadAction","target":["https:\/\/talay.com\/en\/sarp-intermodal-dunyanin-her-yerine-guvenle-yuk-tasiyor\/"]}]},{"@type":"ImageObject","inLanguage":"en-US","@id":"https:\/\/talay.com\/en\/sarp-intermodal-dunyanin-her-yerine-guvenle-yuk-tasiyor\/#primaryimage","url":"https:\/\/talay.com\/wp-content\/uploads\/2025\/01\/talay-YigitAltiparmak-1.jpg","contentUrl":"https:\/\/talay.com\/wp-content\/uploads\/2025\/01\/talay-YigitAltiparmak-1.jpg","width":2160,"height":2160},{"@type":"BreadcrumbList","@id":"https:\/\/talay.com\/en\/sarp-intermodal-dunyanin-her-yerine-guvenle-yuk-tasiyor\/#breadcrumb","itemListElement":[{"@type":"ListItem","position":1,"name":"Anasayfa","item":"https:\/\/talay.com\/en\/"},{"@type":"ListItem","position":2,"name":"Talay Logistics D\u00fcnyan\u0131n Her Yerine G\u00fcvenle Y\u00fck Ta\u015f\u0131yor"}]},{"@type":"WebSite","@id":"https:\/\/talay.com\/#website","url":"https:\/\/talay.com\/","name":"Talay Logistics","description":"Entegre Ta\u015f\u0131mac\u0131l\u0131k \u00c7\u00f6z\u00fcmleri","publisher":{"@id":"https:\/\/talay.com\/#organization"},"potentialAction":[{"@type":"SearchAction","target":{"@type":"EntryPoint","urlTemplate":"https:\/\/talay.com\/?s={search_term_string}"},"query-input":{"@type":"PropertyValueSpecification","valueRequired":true,"valueName":"search_term_string"}}],"inLanguage":"en-US"},{"@type":"Organization","@id":"https:\/\/talay.com\/#organization","name":"Talay Logistics","url":"https:\/\/talay.com\/","logo":{"@type":"ImageObject","inLanguage":"en-US","@id":"https:\/\/talay.com\/#\/schema\/logo\/image\/","url":"https:\/\/talay.com\/wp-content\/uploads\/2024\/05\/talay-web-ikon.png","contentUrl":"https:\/\/talay.com\/wp-content\/uploads\/2024\/05\/talay-web-ikon.png","width":500,"height":500,"caption":"Talay Logistics"},"image":{"@id":"https:\/\/talay.com\/#\/schema\/logo\/image\/"},"sameAs":["https:\/\/facebook.com\/talaylogistics","https:\/\/x.com\/talaylogistics","https:\/\/linkedin.com\/company\/talaylogistics","https:\/\/instagram.com\/talay.logistics"]},{"@type":"Person","@id":"https:\/\/talay.com\/#\/schema\/person\/4ef66f7c0d09326cd8506089c5a9bea5","name":"admin","image":{"@type":"ImageObject","inLanguage":"en-US","@id":"https:\/\/talay.com\/#\/schema\/person\/image\/","url":"https:\/\/secure.gravatar.com\/avatar\/1ba460bdb360e968b6892a9005fe3958d361c6abce699d3ccb40a9271aec5fb6?s=96&d=mm&r=g","contentUrl":"https:\/\/secure.gravatar.com\/avatar\/1ba460bdb360e968b6892a9005fe3958d361c6abce699d3ccb40a9271aec5fb6?s=96&d=mm&r=g","caption":"admin"},"sameAs":["https:\/\/talay.com"]}]}},"_links":{"self":[{"href":"https:\/\/talay.com\/en\/wp-json\/wp\/v2\/posts\/5614","targetHints":{"allow":["GET"]}}],"collection":[{"href":"https:\/\/talay.com\/en\/wp-json\/wp\/v2\/posts"}],"about":[{"href":"https:\/\/talay.com\/en\/wp-json\/wp\/v2\/types\/post"}],"author":[{"embeddable":true,"href":"https:\/\/talay.com\/en\/wp-json\/wp\/v2\/users\/1"}],"replies":[{"embeddable":true,"href":"https:\/\/talay.com\/en\/wp-json\/wp\/v2\/comments?post=5614"}],"version-history":[{"count":0,"href":"https:\/\/talay.com\/en\/wp-json\/wp\/v2\/posts\/5614\/revisions"}],"wp:featuredmedia":[{"embeddable":true,"href":"https:\/\/talay.com\/en\/wp-json\/wp\/v2\/media\/4802"}],"wp:attachment":[{"href":"https:\/\/talay.com\/en\/wp-json\/wp\/v2\/media?parent=5614"}],"wp:term":[{"taxonomy":"category","embeddable":true,"href":"https:\/\/talay.com\/en\/wp-json\/wp\/v2\/categories?post=5614"},{"taxonomy":"post_tag","embeddable":true,"href":"https:\/\/talay.com\/en\/wp-json\/wp\/v2\/tags?post=5614"}],"curies":[{"name":"wp","href":"https:\/\/api.w.org\/{rel}","templated":true}]}}